{"id":72678,"date":"2024-12-28T12:58:33","date_gmt":"2024-12-28T16:58:33","guid":{"rendered":"https:\/\/ahoramasrd.com.do\/?p=72678"},"modified":"2024-12-28T12:58:47","modified_gmt":"2024-12-28T16:58:47","slug":"gobierno-facilitara-regularizacion-de-ecuatorianos-residentes-en-el-pais","status":"publish","type":"post","link":"https:\/\/ahoramasrd.com.do\/?p=72678","title":{"rendered":"Gobierno facilitar\u00e1 regularizaci\u00f3n de ecuatorianos residentes en el pa\u00eds"},"content":{"rendered":"\n<p>Santo Domingo. \u2013 El Gobierno dominicano anunci\u00f3 el inicio del proceso de regularizaci\u00f3n migratoria para los ciudadanos ecuatorianos que residen en el pa\u00eds de manera irregular, seg\u00fan inform\u00f3 el viceministro de Relaciones Exteriores y Movilidad Humana de Ecuador, Alejandro D\u00e1valos.<\/p>\n\n\n\n<p>El funcionario ecuatoriano destac\u00f3 que esta medida es fruto de las gestiones realizadas por el gobierno de Ecuador y el compromiso de su Ministerio de Relaciones Exteriores con los connacionales en el extranjero.<\/p>\n\n\n\n<p>\u201cEl Gobierno dominicano ha aceptado dar inicio al proceso de regularizaci\u00f3n migratoria de los ecuatorianos que se encuentran en ese pa\u00eds en situaci\u00f3n irregular\u201d, expres\u00f3 D\u00e1valos en un video publicado en las redes sociales de la Embajada de Ecuador en Rep\u00fablica Dominicana.<\/p>\n\n\n\n<p>\u201cLa canciller\u00eda ecuatoriana es consciente de las necesidades y desaf\u00edos que ustedes enfrentan en el exterior, por lo que quienes la conformamos seguiremos trabajando para garantizar su bienestar, la prestaci\u00f3n de servicios de calidad y el respeto de todos sus derechos, independientemente de su condici\u00f3n migratoria\u201d, expres\u00f3 D\u00e1valos.<\/p>\n\n\n\n<p>Agreg\u00f3 que \u201ccelebraremos con trabajo el d\u00eda internacional del migrante\u201d. Las autoridades a\u00fan no han revelado los detalles espec\u00edficos del proceso ni las fechas para su implementaci\u00f3n.<\/p>\n","protected":false},"excerpt":{"rendered":"<p>Santo Domingo. \u2013 El Gobierno dominicano anunci\u00f3 el inicio del proceso de regularizaci\u00f3n migratoria para los ciudadanos ecuatorianos que residen en el pa\u00eds de manera irregular, seg\u00fan inform\u00f3 el viceministro de Relaciones Exteriores y Movilidad Humana de Ecuador, Alejandro D\u00e1valos. El funcionario ecuatoriano destac\u00f3 que esta medida es fruto de las gestiones realizadas por el [&hellip;]<\/p>\n","protected":false},"author":2,"featured_media":72679,"comment_status":"open","ping_status":"open","sticky":false,"template":"","format":"standard","meta":{"footnotes":""},"categories":[44],"tags":[845,939,58],"class_list":{"0":"post-72678","1":"post","2":"type-post","3":"status-publish","4":"format-standard","5":"has-post-thumbnail","7":"category-actualidad","8":"tag-ahora-mas-rd","9":"tag-cada-minuto-una-verdad","10":"tag-republica-dominicana"},"aioseo_notices":[],"amp_enabled":true,"_links":{"self":[{"href":"https:\/\/ahoramasrd.com.do\/index.php?rest_route=\/wp\/v2\/posts\/72678","targetHints":{"allow":["GET"]}}],"collection":[{"href":"https:\/\/ahoramasrd.com.do\/index.php?rest_route=\/wp\/v2\/posts"}],"about":[{"href":"https:\/\/ahoramasrd.com.do\/index.php?rest_route=\/wp\/v2\/types\/post"}],"author":[{"embeddable":true,"href":"https:\/\/ahoramasrd.com.do\/index.php?rest_route=\/wp\/v2\/users\/2"}],"replies":[{"embeddable":true,"href":"https:\/\/ahoramasrd.com.do\/index.php?rest_route=%2Fwp%2Fv2%2Fcomments&post=72678"}],"version-history":[{"count":0,"href":"https:\/\/ahoramasrd.com.do\/index.php?rest_route=\/wp\/v2\/posts\/72678\/revisions"}],"wp:featuredmedia":[{"embeddable":true,"href":"https:\/\/ahoramasrd.com.do\/index.php?rest_route=\/"}],"wp:attachment":[{"href":"https:\/\/ahoramasrd.com.do\/index.php?rest_route=%2Fwp%2Fv2%2Fmedia&parent=72678"}],"wp:term":[{"taxonomy":"category","embeddable":true,"href":"https:\/\/ahoramasrd.com.do\/index.php?rest_route=%2Fwp%2Fv2%2Fcategories&post=72678"},{"taxonomy":"post_tag","embeddable":true,"href":"https:\/\/ahoramasrd.com.do\/index.php?rest_route=%2Fwp%2Fv2%2Ftags&post=72678"}],"curies":[{"name":"wp","href":"https:\/\/api.w.org\/{rel}","templated":true}]}}