{"id":72689,"date":"2024-12-28T14:11:34","date_gmt":"2024-12-28T18:11:34","guid":{"rendered":"https:\/\/ahoramasrd.com.do\/?p=72689"},"modified":"2024-12-28T14:11:36","modified_gmt":"2024-12-28T18:11:36","slug":"reporteros-graficos-reconocen-a-nelson-gutierrez-por-trayectoria-y-aporte-a-la-clase","status":"publish","type":"post","link":"https:\/\/ahoramasrd.com.do\/?p=72689","title":{"rendered":"Reporteros gr\u00e1ficos reconocen a Nelson Guti\u00e9rrez por trayectoria y aporte a la clase"},"content":{"rendered":"\n<p>El C\u00edrculo de Reporteros Gr\u00e1ficos de Televisi\u00f3n, reconoci\u00f3 Nelson Guti\u00e9rrez, presidente del Colegio Dominicano de Locutores (CDL), por su apoyo y contribuci\u00f3n al gremio, as\u00ed como en la defensa del trabajo de sus miembros.<\/p>\n\n\n\n<p>Tras recibir la placa de reconocimiento, de manos del presidente del gremio, Corpus Montero, el tambi\u00e9n periodista y abogado, Nelson Guti\u00e9rrez, agradeci\u00f3 la distinci\u00f3n y a la vez reafirm\u00f3 su compromiso de seguir respaldando a los reporteros gr\u00e1ficos de todo el pa\u00eds, por su arduo y arriesgado trabajo.<\/p>\n\n\n\n<p>As\u00ed mismo, destac\u00f3 que estos profesionales del lente, son quienes capturan los momentos m\u00e1s importantes de la cotidianidad en nuestro pa\u00eds, adem\u00e1s mantienen a la poblaci\u00f3n al tanto de lo que pasa en el mundo en materia de im\u00e1genes.<\/p>\n\n\n\n<p>Guti\u00e9rrez, puntualiz\u00f3 \u201cLos camar\u00f3grafos en conjunto con los periodistas, constituyen la columna vertebral de la informaci\u00f3n y son quienes llevan la noticia alrededor del mundo para que la gente est\u00e9 al tanto de lo que est\u00e1 ocurriendo en el universo\u201d dijo.<\/p>\n\n\n\n<p>Ante esta realidad, el tambi\u00e9n director ejecutivo nacional del Consejo Nacional de los Derechos Humanos (Conadehu), reiter\u00f3 que seguir\u00e1 apoyando a los Reporteros gr\u00e1ficos.<\/p>\n\n\n\n<p>El reconocimiento fue otorgado a Guti\u00e9rrez y a otras personalidades, este viernes 27 de diciembre, en el marco del encuentro navide\u00f1o que lleva a cabo cada a\u00f1o el C\u00edrculo de Reporteros Gr\u00e1ficos de Televisi\u00f3n.<\/p>\n","protected":false},"excerpt":{"rendered":"<p>El C\u00edrculo de Reporteros Gr\u00e1ficos de Televisi\u00f3n, reconoci\u00f3 Nelson Guti\u00e9rrez, presidente del Colegio Dominicano de Locutores (CDL), por su apoyo y contribuci\u00f3n al gremio, as\u00ed como en la defensa del trabajo de sus miembros. Tras recibir la placa de reconocimiento, de manos del presidente del gremio, Corpus Montero, el tambi\u00e9n periodista y abogado, Nelson Guti\u00e9rrez, [&hellip;]<\/p>\n","protected":false},"author":2,"featured_media":72690,"comment_status":"open","ping_status":"open","sticky":false,"template":"","format":"standard","meta":{"footnotes":""},"categories":[44],"tags":[845,939,58],"class_list":{"0":"post-72689","1":"post","2":"type-post","3":"status-publish","4":"format-standard","5":"has-post-thumbnail","7":"category-actualidad","8":"tag-ahora-mas-rd","9":"tag-cada-minuto-una-verdad","10":"tag-republica-dominicana"},"aioseo_notices":[],"amp_enabled":true,"_links":{"self":[{"href":"https:\/\/ahoramasrd.com.do\/index.php?rest_route=\/wp\/v2\/posts\/72689","targetHints":{"allow":["GET"]}}],"collection":[{"href":"https:\/\/ahoramasrd.com.do\/index.php?rest_route=\/wp\/v2\/posts"}],"about":[{"href":"https:\/\/ahoramasrd.com.do\/index.php?rest_route=\/wp\/v2\/types\/post"}],"author":[{"embeddable":true,"href":"https:\/\/ahoramasrd.com.do\/index.php?rest_route=\/wp\/v2\/users\/2"}],"replies":[{"embeddable":true,"href":"https:\/\/ahoramasrd.com.do\/index.php?rest_route=%2Fwp%2Fv2%2Fcomments&post=72689"}],"version-history":[{"count":0,"href":"https:\/\/ahoramasrd.com.do\/index.php?rest_route=\/wp\/v2\/posts\/72689\/revisions"}],"wp:featuredmedia":[{"embeddable":true,"href":"https:\/\/ahoramasrd.com.do\/index.php?rest_route=\/"}],"wp:attachment":[{"href":"https:\/\/ahoramasrd.com.do\/index.php?rest_route=%2Fwp%2Fv2%2Fmedia&parent=72689"}],"wp:term":[{"taxonomy":"category","embeddable":true,"href":"https:\/\/ahoramasrd.com.do\/index.php?rest_route=%2Fwp%2Fv2%2Fcategories&post=72689"},{"taxonomy":"post_tag","embeddable":true,"href":"https:\/\/ahoramasrd.com.do\/index.php?rest_route=%2Fwp%2Fv2%2Ftags&post=72689"}],"curies":[{"name":"wp","href":"https:\/\/api.w.org\/{rel}","templated":true}]}}