{"id":72695,"date":"2024-12-28T14:35:44","date_gmt":"2024-12-28T18:35:44","guid":{"rendered":"https:\/\/ahoramasrd.com.do\/?p=72695"},"modified":"2024-12-28T14:35:45","modified_gmt":"2024-12-28T18:35:45","slug":"mas-100-mil-romanesen-han-disfrutado-de-la-magia-de-la-navidad-en-el-parque-de-luces","status":"publish","type":"post","link":"https:\/\/ahoramasrd.com.do\/?p=72695","title":{"rendered":"M\u00e1s 100 mil romanesen han disfrutado de la magia de la navidad, en el Parque de Luces"},"content":{"rendered":"\n<p>Por primera en la historia m\u00e1s de 100 mil romanesen han disfrutan diferentes atractivos art\u00edsticos y culturales en esta \u00e9poca de navidad, con el Parque de Luce, que fue decorado por la alcald\u00eda del municipio y Los Proyectos Estrat\u00e9gicos y Especiales de la Presidencia, por instrucciones del presidente Luis Abinader.<\/p>\n\n\n\n<p>El alcalde del municipio cabecera de la provincia La Romana, Eduardo Kerry a Metivier, asegur\u00f3 que la magia de la navidad se siente en cada hogar y las familias que se dan cita, para disfrutar tanto de los shows art\u00edsticos como los juegos de luces que iluminan el parque y lleva alegr\u00eda a las visitantes y en especial a los ni\u00f1os.<\/p>\n\n\n\n<p>El alcalde Eduardo Kerry, asegur\u00f3 que desde su llegada a la alcald\u00eda en pasado 24 de Abril, su principal objetivo era hacer una gesti\u00f3n cercana a la gente y que los romanesen se sientan orgullosos de su pueblo y eso lo que estamos haciendo en esta navidad.<\/p>\n\n\n\n<p>\u201cAqu\u00ed desde la 6 de la tarde aqu\u00ed vienen, ni\u00f1os , adulto, adultos mayores y turistas a disfrutar de las navidades el parque juntos a sus familiares\u201d precis\u00f3 el alcalde.<\/p>\n\n\n\n<p>Eduardo Kerry Metivier, asegur\u00f3 que aparte de agradecerle el comportamiento adecuado y ordenado de la poblaci\u00f3n, tambi\u00e9n es muy importante resaltar el apoyo de los miembros de la Polic\u00eda Nacional y cada unos de los colaboradores del ayuntamiento, que est\u00e1n trabajando arduamente para que cada d\u00eda los visitantes puedan disfrutar de la magia de la navidad.<\/p>\n\n\n\n<p>Finalmente el alcalde llam\u00f3 a los romanesen ausentes a visitar tu pueblo en estas navidades y disfrutar la magia de la navidad en familia y en el amor de Dios.<\/p>\n","protected":false},"excerpt":{"rendered":"<p>Por primera en la historia m\u00e1s de 100 mil romanesen han disfrutan diferentes atractivos art\u00edsticos y culturales en esta \u00e9poca de navidad, con el Parque de Luce, que fue decorado por la alcald\u00eda del municipio y Los Proyectos Estrat\u00e9gicos y Especiales de la Presidencia, por instrucciones del presidente Luis Abinader. El alcalde del municipio cabecera [&hellip;]<\/p>\n","protected":false},"author":2,"featured_media":72696,"comment_status":"open","ping_status":"open","sticky":false,"template":"","format":"standard","meta":{"footnotes":""},"categories":[44],"tags":[845,939,58],"class_list":{"0":"post-72695","1":"post","2":"type-post","3":"status-publish","4":"format-standard","5":"has-post-thumbnail","7":"category-actualidad","8":"tag-ahora-mas-rd","9":"tag-cada-minuto-una-verdad","10":"tag-republica-dominicana"},"aioseo_notices":[],"amp_enabled":true,"_links":{"self":[{"href":"https:\/\/ahoramasrd.com.do\/index.php?rest_route=\/wp\/v2\/posts\/72695","targetHints":{"allow":["GET"]}}],"collection":[{"href":"https:\/\/ahoramasrd.com.do\/index.php?rest_route=\/wp\/v2\/posts"}],"about":[{"href":"https:\/\/ahoramasrd.com.do\/index.php?rest_route=\/wp\/v2\/types\/post"}],"author":[{"embeddable":true,"href":"https:\/\/ahoramasrd.com.do\/index.php?rest_route=\/wp\/v2\/users\/2"}],"replies":[{"embeddable":true,"href":"https:\/\/ahoramasrd.com.do\/index.php?rest_route=%2Fwp%2Fv2%2Fcomments&post=72695"}],"version-history":[{"count":0,"href":"https:\/\/ahoramasrd.com.do\/index.php?rest_route=\/wp\/v2\/posts\/72695\/revisions"}],"wp:featuredmedia":[{"embeddable":true,"href":"https:\/\/ahoramasrd.com.do\/index.php?rest_route=\/"}],"wp:attachment":[{"href":"https:\/\/ahoramasrd.com.do\/index.php?rest_route=%2Fwp%2Fv2%2Fmedia&parent=72695"}],"wp:term":[{"taxonomy":"category","embeddable":true,"href":"https:\/\/ahoramasrd.com.do\/index.php?rest_route=%2Fwp%2Fv2%2Fcategories&post=72695"},{"taxonomy":"post_tag","embeddable":true,"href":"https:\/\/ahoramasrd.com.do\/index.php?rest_route=%2Fwp%2Fv2%2Ftags&post=72695"}],"curies":[{"name":"wp","href":"https:\/\/api.w.org\/{rel}","templated":true}]}}