{"id":72701,"date":"2024-12-28T16:02:40","date_gmt":"2024-12-28T20:02:40","guid":{"rendered":"https:\/\/ahoramasrd.com.do\/?p=72701"},"modified":"2024-12-28T16:02:41","modified_gmt":"2024-12-28T20:02:41","slug":"la-alegria-y-esperanza-llega-a-san-pedro-de-macoris-raquel-pena-entrega-juguetes-y-comparte-con-ninos","status":"publish","type":"post","link":"https:\/\/ahoramasrd.com.do\/?p=72701","title":{"rendered":"La alegr\u00eda y esperanza llega a San Pedro de Macor\u00eds; Raquel Pe\u00f1a entrega juguetes y comparte con ni\u00f1os"},"content":{"rendered":"\n<p>Con alegr\u00eda, cantos navide\u00f1os y furor, fue recibida este s\u00e1bado la vicepresidenta de la Rep\u00fablica, Raquel Pe\u00f1a, por las familias de las comunidades Cachimbitos y San Jos\u00e9 de los Llanos, en San Pedro de Macor\u00eds, quienes recibieron juguetes para los infantes.<\/p>\n\n\n\n<p>\u201cEsta \u00e9poca de Navidad, es una \u00e9poca de amor, de compartir y ser solidario con el hermano, y definitivamente estoy convencida de que estos ni\u00f1os est\u00e1n recibiendo esta formaci\u00f3n, en querer ser uno para el otro que es por lo que Dios nos ha mandado a la tierra\u201d, expuso la vicepresidenta al ofrecer unas palabras para todos los ni\u00f1os y voluntarios de la fundaci\u00f3n Divina Providencia.<\/p>\n\n\n\n<p>Pe\u00f1a expres\u00f3 su agradecimiento a los 23 voluntarios que aportan para hacer posible esta labor y a\u00fan m\u00e1s en estos d\u00edas de Navidad donde debe reinar la paz y la alegr\u00eda.<\/p>\n\n\n\n<p>Unos 75 ni\u00f1os con edades comprendidas entre los 4 y 13 a\u00f1os recibieron pelotas, juegos de cocina, carros, mu\u00f1ecas y otros, para disfrutar sanamente estas fiestas.<\/p>\n\n\n\n<p>Los ni\u00f1os de la Fundaci\u00f3n Divina Providencia, creada hace ya tres a\u00f1os, recibieron a la vicemandataria, y realizaron actividades de dibujo, conversaron con Raquel Pe\u00f1a y compartieron una agradable ma\u00f1ana en la villa que lleva el mismo nombre de la fundaci\u00f3n.<\/p>\n\n\n\n<p>Los integrantes de la fundaci\u00f3n reciben de manera peri\u00f3dica medicamentos, entre estos para el cuidado de la salud mental, una labor caracter\u00edstica de la vocaci\u00f3n del servicio y el compromiso con la comunidad.<\/p>\n\n\n\n<p>La presidenta de la fundaci\u00f3n Divina Providencia Sugeiry Micher Sandoval Garc\u00eda, comunic\u00f3 que desde la fundaci\u00f3n se lleva a cabo la promoci\u00f3n de la salud mental con consultas gratis y charlas.<\/p>\n\n\n\n<p>\u201cLe agradecemos por usted estar aqu\u00ed y brindarnos su apoyo\u201d, dijo Sandoval al expresar unas palabras a la vicemandataria.<\/p>\n\n\n\n<p>M\u00fasica y m\u00e1s alegr\u00eda<\/p>\n\n\n\n<p>La servidora de la fe Sor Lucia, enton\u00f3 canciones alusivas a la \u00e9poca navide\u00f1a y todos los presentes le acompa\u00f1aron conscientes de que el verdadero significado de la Navidad es la celebraci\u00f3n del nacimiento del Ni\u00f1o Jes\u00fas.<\/p>\n\n\n\n<p>La parte musical fue dirigida por el profesor \u00c1ngel Socorro, director de la banda infantil de San Jos\u00e9 de los Llanos, compuesta por 126 ni\u00f1os, y representada en la actividad de este s\u00e1bado por 15 de los ni\u00f1os y ni\u00f1as m\u00fasicos de entre 11 y 15 a\u00f1os, quienes interpretaron villancicos, con instrumentos de vientos metales y madera.<\/p>\n","protected":false},"excerpt":{"rendered":"<p>Con alegr\u00eda, cantos navide\u00f1os y furor, fue recibida este s\u00e1bado la vicepresidenta de la Rep\u00fablica, Raquel Pe\u00f1a, por las familias de las comunidades Cachimbitos y San Jos\u00e9 de los Llanos, en San Pedro de Macor\u00eds, quienes recibieron juguetes para los infantes. \u201cEsta \u00e9poca de Navidad, es una \u00e9poca de amor, de compartir y ser solidario [&hellip;]<\/p>\n","protected":false},"author":2,"featured_media":72702,"comment_status":"open","ping_status":"open","sticky":false,"template":"","format":"standard","meta":{"footnotes":""},"categories":[44],"tags":[845,939,58],"class_list":{"0":"post-72701","1":"post","2":"type-post","3":"status-publish","4":"format-standard","5":"has-post-thumbnail","7":"category-actualidad","8":"tag-ahora-mas-rd","9":"tag-cada-minuto-una-verdad","10":"tag-republica-dominicana"},"aioseo_notices":[],"amp_enabled":true,"_links":{"self":[{"href":"https:\/\/ahoramasrd.com.do\/index.php?rest_route=\/wp\/v2\/posts\/72701","targetHints":{"allow":["GET"]}}],"collection":[{"href":"https:\/\/ahoramasrd.com.do\/index.php?rest_route=\/wp\/v2\/posts"}],"about":[{"href":"https:\/\/ahoramasrd.com.do\/index.php?rest_route=\/wp\/v2\/types\/post"}],"author":[{"embeddable":true,"href":"https:\/\/ahoramasrd.com.do\/index.php?rest_route=\/wp\/v2\/users\/2"}],"replies":[{"embeddable":true,"href":"https:\/\/ahoramasrd.com.do\/index.php?rest_route=%2Fwp%2Fv2%2Fcomments&post=72701"}],"version-history":[{"count":0,"href":"https:\/\/ahoramasrd.com.do\/index.php?rest_route=\/wp\/v2\/posts\/72701\/revisions"}],"wp:featuredmedia":[{"embeddable":true,"href":"https:\/\/ahoramasrd.com.do\/index.php?rest_route=\/"}],"wp:attachment":[{"href":"https:\/\/ahoramasrd.com.do\/index.php?rest_route=%2Fwp%2Fv2%2Fmedia&parent=72701"}],"wp:term":[{"taxonomy":"category","embeddable":true,"href":"https:\/\/ahoramasrd.com.do\/index.php?rest_route=%2Fwp%2Fv2%2Fcategories&post=72701"},{"taxonomy":"post_tag","embeddable":true,"href":"https:\/\/ahoramasrd.com.do\/index.php?rest_route=%2Fwp%2Fv2%2Ftags&post=72701"}],"curies":[{"name":"wp","href":"https:\/\/api.w.org\/{rel}","templated":true}]}}