{"id":72746,"date":"2025-01-03T20:01:54","date_gmt":"2025-01-04T00:01:54","guid":{"rendered":"https:\/\/ahoramasrd.com.do\/?p=72746"},"modified":"2025-01-03T20:02:20","modified_gmt":"2025-01-04T00:02:20","slug":"velan-restos-de-uno-de-los-fallecidos-en-un-tiroteo-en-villa-consuelo","status":"publish","type":"post","link":"https:\/\/ahoramasrd.com.do\/?p=72746","title":{"rendered":"Velan restos de uno de los fallecidos en un tiroteo en Villa Consuelo"},"content":{"rendered":"\n<p>La tarde de este viernes est\u00e1n siendo expuestos en la funeraria La Altagracia, de la avenida Sim\u00f3n Bol\u00edvar, los restos de uno de los fallecidos durante un tiroteo generado en el sector Villa Consuelo, Distrito Nacional el pasado 1 de enero a las 7:00 de la ma\u00f1ana, mientras se desarrollaba una fiesta callejera.<\/p>\n\n\n\n<p>Pese a que avisaron a la prensa, los familiares de la v\u00edctima se negaron a dar declaraciones y echaron del lugar a un reportero de este medio, alegando que ya todo estaba publicado, que no invitaron prensa y que no quer\u00edan a los medios de comunicaci\u00f3n all\u00ed.<\/p>\n\n\n\n<p>Durante el incidente, que a\u00fan no ha sido esclarecido, murieron dos personas y otras dos resultaron heridas. Aunque los familiares no quisieron revelar el nombre de la v\u00edctima que estaban velando esta tarde, debe tratarse de Darlin Gil, de 21 a\u00f1os de edad o de Sergio Arturo Soler, de 29, quienes seg\u00fan la Polic\u00eda Nacional son los que perdieron la vida en la balacera ocurrida en la calle Manuela Diez, esquina Tejada Florentino. Los heridos responden al nombre de Jairo Ismael Mendoza y Rafael Andr\u00e9s Henr\u00edquez Jim\u00e9nez.<\/p>\n\n\n\n<p>Seg\u00fan el informe preliminar de la Polic\u00eda Nacional, el conflicto social ocurri\u00f3 en momentos que decenas de personas se encontraban congregadas en el lugar, participando de un \u201cteteo\u201d celebrando la llegada del nuevo a\u00f1o.<\/p>\n\n\n\n<p>La instituci\u00f3n del orden inform\u00f3 que identific\u00f3 a Esmil Rivas como uno de los presuntos responsables del hecho, de manera que activ\u00f3 su b\u00fasqueda.<\/p>\n","protected":false},"excerpt":{"rendered":"<p>La tarde de este viernes est\u00e1n siendo expuestos en la funeraria La Altagracia, de la avenida Sim\u00f3n Bol\u00edvar, los restos de uno de los fallecidos durante un tiroteo generado en el sector Villa Consuelo, Distrito Nacional el pasado 1 de enero a las 7:00 de la ma\u00f1ana, mientras se desarrollaba una fiesta callejera. Pese a [&hellip;]<\/p>\n","protected":false},"author":2,"featured_media":72747,"comment_status":"open","ping_status":"open","sticky":false,"template":"","format":"standard","meta":{"footnotes":""},"categories":[44],"tags":[845,939,58],"class_list":{"0":"post-72746","1":"post","2":"type-post","3":"status-publish","4":"format-standard","5":"has-post-thumbnail","7":"category-actualidad","8":"tag-ahora-mas-rd","9":"tag-cada-minuto-una-verdad","10":"tag-republica-dominicana"},"aioseo_notices":[],"amp_enabled":true,"_links":{"self":[{"href":"https:\/\/ahoramasrd.com.do\/index.php?rest_route=\/wp\/v2\/posts\/72746","targetHints":{"allow":["GET"]}}],"collection":[{"href":"https:\/\/ahoramasrd.com.do\/index.php?rest_route=\/wp\/v2\/posts"}],"about":[{"href":"https:\/\/ahoramasrd.com.do\/index.php?rest_route=\/wp\/v2\/types\/post"}],"author":[{"embeddable":true,"href":"https:\/\/ahoramasrd.com.do\/index.php?rest_route=\/wp\/v2\/users\/2"}],"replies":[{"embeddable":true,"href":"https:\/\/ahoramasrd.com.do\/index.php?rest_route=%2Fwp%2Fv2%2Fcomments&post=72746"}],"version-history":[{"count":0,"href":"https:\/\/ahoramasrd.com.do\/index.php?rest_route=\/wp\/v2\/posts\/72746\/revisions"}],"wp:featuredmedia":[{"embeddable":true,"href":"https:\/\/ahoramasrd.com.do\/index.php?rest_route=\/"}],"wp:attachment":[{"href":"https:\/\/ahoramasrd.com.do\/index.php?rest_route=%2Fwp%2Fv2%2Fmedia&parent=72746"}],"wp:term":[{"taxonomy":"category","embeddable":true,"href":"https:\/\/ahoramasrd.com.do\/index.php?rest_route=%2Fwp%2Fv2%2Fcategories&post=72746"},{"taxonomy":"post_tag","embeddable":true,"href":"https:\/\/ahoramasrd.com.do\/index.php?rest_route=%2Fwp%2Fv2%2Ftags&post=72746"}],"curies":[{"name":"wp","href":"https:\/\/api.w.org\/{rel}","templated":true}]}}