{"id":72772,"date":"2025-01-04T17:34:41","date_gmt":"2025-01-04T21:34:41","guid":{"rendered":"https:\/\/ahoramasrd.com.do\/?p=72772"},"modified":"2025-01-04T17:35:28","modified_gmt":"2025-01-04T21:35:28","slug":"la-iglesia-de-jesucristo-sud-deja-iniciada-la-construccion-de-una-capilla-en-punta-de-villa-mella-sdn","status":"publish","type":"post","link":"https:\/\/ahoramasrd.com.do\/?p=72772","title":{"rendered":"La Iglesia de Jesucristo SUD deja iniciada la construcci\u00f3n de una capilla en Punta de Villa Mella, SDN"},"content":{"rendered":"\n<p>Santo Domingo, RD. \u2013 Con la presencia de gran parte de sus miembros, l\u00edderes comunitarios y pol\u00edticos del municipio, La Iglesia de Jesucristo de los Santos de los \u00daltimos D\u00edas dej\u00f3 iniciado este s\u00e1bado los trabajos de construcci\u00f3n de una capilla en la comunidad La Uba, en Punta de Villa Mella, municipio Santo Domingo Norte, con el prop\u00f3sito de expandir la predicaci\u00f3n del evengalio en esta demarcaci\u00f3n.<\/p>\n\n\n\n<p>La ceremonia religiosa fue presidida por el presidente de la Estaca Villa Mella, Edwin P\u00e9rez, quien adem\u00e1s ofreci\u00f3 una oraci\u00f3n dedicatoria del lugar como un espacio de adoraci\u00f3n a Dios, refugio para los m\u00e1s necesitados, amor, paz, armon\u00eda y espiritualidad.<\/p>\n\n\n\n<p>Este nuevo centro religioso se suma a una decena de capillas construidas por dicha iglesia en Santo Domingo Norte, y el municipio de Yamas\u00e1.<\/p>\n\n\n\n<p>Al encabezar la palada inicial de la obra, el presidente de la Estaca Villa Mella de esta organizaci\u00f3n religiosa, Edwin P\u00e9rez, asegur\u00f3 que esta capilla impactar\u00e1 de manera positiva la vida de los miembros de esta congregaci\u00f3n y de la comunidad de La Uva en Punta y zonas aleda\u00f1as.<\/p>\n\n\n\n<p>\u201cEste edificio ser\u00e1 utilizado para la adoraci\u00f3n a Dios y para el beneficio de la comunidad, con el objetivo de que puedan realizar eventos culturales, deportivos, entre otros\u201d, adelant\u00f3 Edwin P\u00e9rez, quien estuvo acompa\u00f1ado por los diputados Carlos P\u00e9rez y Dulce Rojas.<\/p>\n\n\n\n<p>El l\u00edder religioso cit\u00f3 que \u201cpor medios de cosas peque\u00f1as y sencillas se realizan grandes cosas\u201d, afirmando que el mandato de Dios es ir y predicar el evangelio de Jesucristo para la salvaci\u00f3n de la humanidad.<\/p>\n\n\n\n<p>Durante su plegaria, P\u00e9rez asegur\u00f3 que esta capilla estar\u00e1 iluminada con la luz de cristo y rodeada de paz, amor, bendiciones y esperanzas. \u201cTestifico que Jesucristo vive, \u00c9l es nuestro redentor y salvador. Sigamos extendiendo nuestras manos a las comunidades para que sientan el gozo de Cristo\u201d, expres\u00f3.<\/p>\n\n\n\n<p>En tanto que, miembros de La Iglesia de Jesucristo de los Santos de los \u00daltimos D\u00edas, expresaron que durante a\u00f1os esperaron con regocijo la construcci\u00f3n de la capilla, augurando el comienzo de la expansi\u00f3n del evangelio de Jesucristo en los distintos barrios de Punta, en Villa Mella.<\/p>\n\n\n\n<p>De acuerdo con el dise\u00f1o del proyecto de la obra que tiene a su cargo el ingeniero \u00c1ngel D\u00edaz, subrayan que la parte exterior de la iglesia contar\u00e1 adem\u00e1s de sus parqueos, con una cancha de basketball, voleibol y f\u00fatbol para que las personas puedan recrearse a trav\u00e9s del deportes.<\/p>\n\n\n\n<p>Durante la actividad se reconoci\u00f3 el servicio prestado del obispo del barrio de Punta, Juan Carlos Garc\u00eda, y del expresidente de la antigua rama de Punta, Ernesto Castillo, respectivamente. Asimismo, las labores eclesi\u00e1sticas de Clemente S\u00e1nchez, como pionero de la Iglesia en esta zona.<\/p>\n","protected":false},"excerpt":{"rendered":"<p>Santo Domingo, RD. \u2013 Con la presencia de gran parte de sus miembros, l\u00edderes comunitarios y pol\u00edticos del municipio, La Iglesia de Jesucristo de los Santos de los \u00daltimos D\u00edas dej\u00f3 iniciado este s\u00e1bado los trabajos de construcci\u00f3n de una capilla en la comunidad La Uba, en Punta de Villa Mella, municipio Santo Domingo Norte, [&hellip;]<\/p>\n","protected":false},"author":2,"featured_media":72773,"comment_status":"open","ping_status":"open","sticky":false,"template":"","format":"standard","meta":{"footnotes":""},"categories":[44],"tags":[845,939,58],"class_list":{"0":"post-72772","1":"post","2":"type-post","3":"status-publish","4":"format-standard","5":"has-post-thumbnail","7":"category-actualidad","8":"tag-ahora-mas-rd","9":"tag-cada-minuto-una-verdad","10":"tag-republica-dominicana"},"aioseo_notices":[],"amp_enabled":true,"_links":{"self":[{"href":"https:\/\/ahoramasrd.com.do\/index.php?rest_route=\/wp\/v2\/posts\/72772","targetHints":{"allow":["GET"]}}],"collection":[{"href":"https:\/\/ahoramasrd.com.do\/index.php?rest_route=\/wp\/v2\/posts"}],"about":[{"href":"https:\/\/ahoramasrd.com.do\/index.php?rest_route=\/wp\/v2\/types\/post"}],"author":[{"embeddable":true,"href":"https:\/\/ahoramasrd.com.do\/index.php?rest_route=\/wp\/v2\/users\/2"}],"replies":[{"embeddable":true,"href":"https:\/\/ahoramasrd.com.do\/index.php?rest_route=%2Fwp%2Fv2%2Fcomments&post=72772"}],"version-history":[{"count":0,"href":"https:\/\/ahoramasrd.com.do\/index.php?rest_route=\/wp\/v2\/posts\/72772\/revisions"}],"wp:featuredmedia":[{"embeddable":true,"href":"https:\/\/ahoramasrd.com.do\/index.php?rest_route=\/"}],"wp:attachment":[{"href":"https:\/\/ahoramasrd.com.do\/index.php?rest_route=%2Fwp%2Fv2%2Fmedia&parent=72772"}],"wp:term":[{"taxonomy":"category","embeddable":true,"href":"https:\/\/ahoramasrd.com.do\/index.php?rest_route=%2Fwp%2Fv2%2Fcategories&post=72772"},{"taxonomy":"post_tag","embeddable":true,"href":"https:\/\/ahoramasrd.com.do\/index.php?rest_route=%2Fwp%2Fv2%2Ftags&post=72772"}],"curies":[{"name":"wp","href":"https:\/\/api.w.org\/{rel}","templated":true}]}}