{"id":72796,"date":"2025-01-05T13:05:19","date_gmt":"2025-01-05T17:05:19","guid":{"rendered":"https:\/\/ahoramasrd.com.do\/?p=72796"},"modified":"2025-01-05T13:06:05","modified_gmt":"2025-01-05T17:06:05","slug":"luinny-corporan-arremete-en-contra-de-espectaculos-publicos-llama-sonidista-a-su-presidente","status":"publish","type":"post","link":"https:\/\/ahoramasrd.com.do\/?p=72796","title":{"rendered":"Luinny Corpor\u00e1n arremete en contra de Espect\u00e1culos P\u00fablicos; llama \u201csonidista\u201d, a su presidente"},"content":{"rendered":"\n<p>Santo Domingo.- El locutor Luinny Corpor\u00e1n arremeti\u00f3 por medio de una carta p\u00fablica en contra de la Comisi\u00f3n Nacional de Espect\u00e1culos P\u00fablicos y Radiofon\u00eda, asegurando que esta \u201ctiene una persecuci\u00f3n directa contra su plataforma y sus programas\u201d.<\/p>\n\n\n\n<p>Corpor\u00e1n, reaccion\u00f3 en contra del \u00f3rgano regulador y su presidente interino, Giovanny Cruz a quien llam\u00f3 \u201cviejo sonidista\u201d, esto como reacci\u00f3n a la suspensi\u00f3n por segunda ocasi\u00f3n de su programa Fogarat\u00e9 Radio, tras evidenciarse seg\u00fan el (CNEPR), \u201cuna falta de respeto a las normas de decoro y responsabilidad\u201d, que deben observarse en los medios de comunicaci\u00f3n.<\/p>\n\n\n\n<p>\u201c\u00bfEntonces La Comisi\u00f3n de Espect\u00e1culos P\u00fablicos tiene una persecuci\u00f3n directa contra mi plataforma y mis programas??? Hoy emiten una resoluci\u00f3n de suspensi\u00f3n por 5 d\u00edas a @fogarateradio por el comportamiento de un invitado que no puedo controlar yo porque no es uno de mis talentos, adem\u00e1s obviando que de buena intenci\u00f3n hemos hecho muchas mejoras en el programa para evitar esto mismo, pero veo que no importa nada\u201d, expres\u00f3 Luinny Corpor\u00e1n.<\/p>\n\n\n\n<p>Al dirigirse al presidente de la Comisi\u00f3n, el locutor un tanto molesto le inst\u00f3 a prepararse para que viene al punto de utilizar palabras un tanto subidas de tono: \u201cComo a usted Giovanny Cruz le encanta el sonido prep\u00e1rese que vamos a tener que responderle como usted se merece, viejo SONIDISTA para que m\u00e1s sonido tenga\u201d, agreg\u00f3 el Ceo del programa.<\/p>\n\n\n\n<p>Cada Rincon Banner turismo<br>Luinny, continu\u00f3 su desahogo en contra del Sr, Cruz, asegurando que \u201csabe que la suspensi\u00f3n de 5 d\u00edas a Fogarat\u00e9 Radio, viene por cr\u00edticas hechas hac\u00eda \u00e9l en el programa, en respuesta a los comentarios hechos por \u00e9l sobre Romeo en el concierto de Aventura\u201d, sin embargo,<br>este \u201ctoma de pretexto una entrevista de hacer m\u00e1s de 3 semanas para tratar de darles un golpe bajo\u201d.<\/p>\n\n\n\n<p>Luinny Corpor\u00e1n hace cuestionamientos a la ministra de cultura<br>Tras Fogarat\u00e9 Radio ser suspendido por 5 d\u00edas y Luinny Corporan expresar su molestia con la Comisi\u00f3n Nacional de Espect\u00e1culos P\u00fablicos y su presidente interino Giovanny Cruz, el locutor cuestion\u00f3 a la ministra de cultura Milagros German, sobre cu\u00e1l realmente es su funci\u00f3n.<\/p>\n\n\n\n<p>\u201c\u00bfMe gustar\u00eda saber qu\u00e9 m\u00e1s hace @milagrosgerman a parte de no poder controlar al viejo SONIDISTA que de manera arbitraria y trujillista toma acciones por una critica hecha a su persona, o no seguimos siendo un pa\u00eds democr\u00e1tico @luisabinader ????\u201d, escribi\u00f3 Corpor\u00e1n.<\/p>\n\n\n\n<p>Este continu\u00f3 su desahogo cuestionando qu\u00e9 \u201cs\u00ed van a dejar que la acci\u00f3n particular de Giovanny y sus malas intenciones cambien la percepci\u00f3n del buen trabajo que ellos como gobierno buscan hacer\u201d.<\/p>\n","protected":false},"excerpt":{"rendered":"<p>Santo Domingo.- El locutor Luinny Corpor\u00e1n arremeti\u00f3 por medio de una carta p\u00fablica en contra de la Comisi\u00f3n Nacional de Espect\u00e1culos P\u00fablicos y Radiofon\u00eda, asegurando que esta \u201ctiene una persecuci\u00f3n directa contra su plataforma y sus programas\u201d. Corpor\u00e1n, reaccion\u00f3 en contra del \u00f3rgano regulador y su presidente interino, Giovanny Cruz a quien llam\u00f3 \u201cviejo sonidista\u201d, [&hellip;]<\/p>\n","protected":false},"author":2,"featured_media":72797,"comment_status":"open","ping_status":"open","sticky":false,"template":"","format":"standard","meta":{"footnotes":""},"categories":[44],"tags":[845,939,58],"class_list":{"0":"post-72796","1":"post","2":"type-post","3":"status-publish","4":"format-standard","5":"has-post-thumbnail","7":"category-actualidad","8":"tag-ahora-mas-rd","9":"tag-cada-minuto-una-verdad","10":"tag-republica-dominicana"},"aioseo_notices":[],"amp_enabled":true,"_links":{"self":[{"href":"https:\/\/ahoramasrd.com.do\/index.php?rest_route=\/wp\/v2\/posts\/72796","targetHints":{"allow":["GET"]}}],"collection":[{"href":"https:\/\/ahoramasrd.com.do\/index.php?rest_route=\/wp\/v2\/posts"}],"about":[{"href":"https:\/\/ahoramasrd.com.do\/index.php?rest_route=\/wp\/v2\/types\/post"}],"author":[{"embeddable":true,"href":"https:\/\/ahoramasrd.com.do\/index.php?rest_route=\/wp\/v2\/users\/2"}],"replies":[{"embeddable":true,"href":"https:\/\/ahoramasrd.com.do\/index.php?rest_route=%2Fwp%2Fv2%2Fcomments&post=72796"}],"version-history":[{"count":0,"href":"https:\/\/ahoramasrd.com.do\/index.php?rest_route=\/wp\/v2\/posts\/72796\/revisions"}],"wp:featuredmedia":[{"embeddable":true,"href":"https:\/\/ahoramasrd.com.do\/index.php?rest_route=\/"}],"wp:attachment":[{"href":"https:\/\/ahoramasrd.com.do\/index.php?rest_route=%2Fwp%2Fv2%2Fmedia&parent=72796"}],"wp:term":[{"taxonomy":"category","embeddable":true,"href":"https:\/\/ahoramasrd.com.do\/index.php?rest_route=%2Fwp%2Fv2%2Fcategories&post=72796"},{"taxonomy":"post_tag","embeddable":true,"href":"https:\/\/ahoramasrd.com.do\/index.php?rest_route=%2Fwp%2Fv2%2Ftags&post=72796"}],"curies":[{"name":"wp","href":"https:\/\/api.w.org\/{rel}","templated":true}]}}