{"id":72841,"date":"2025-01-06T10:43:16","date_gmt":"2025-01-06T14:43:16","guid":{"rendered":"https:\/\/ahoramasrd.com.do\/?p=72841"},"modified":"2025-01-06T10:44:12","modified_gmt":"2025-01-06T14:44:12","slug":"irving-alberti-sobre-milagros-german-tenemos-lo-mismo-que-criticabamos-y-esa-es-mi-gran-decepcion","status":"publish","type":"post","link":"https:\/\/ahoramasrd.com.do\/?p=72841","title":{"rendered":"Irving Alberti sobre Milagros Germ\u00e1n: \u201ctenemos lo mismo que critic\u00e1bamos y esa es mi gran decepci\u00f3n\u201d"},"content":{"rendered":"\n<p>Santo Domingo.- El humorista y comunicador Irving Alberti dijo que se siente decepcionado de ver a su amiga Milagros Germ\u00e1n en la pol\u00edtica luego de estar en el programa \u201cChevere Nights\u201d criticando todo lo que pasaba con el pasado Gobierno y cuando se hizo un cambio de administraci\u00f3n en el pa\u00eds, continu\u00f3 pasando lo mismo que antes.<\/p>\n\n\n\n<p>En una entrevista con el comediante Aquiles Correa, Alberti habl\u00f3 sobre el ingreso de Milagros a la pol\u00edtica y manifest\u00f3 que los mismos problemas que se denunciaban en \u201cCh\u00e9vere Nights\u201d est\u00e1n sucediendo en la actualidad.<\/p>\n\n\n\n<p>\u201cA ella nunca la voy a enfrentar de frente a Milagros. Yo amo a Milagro, nunca la voy a enfrentar. O sea, full de que ella haga algo y hay cosas que hace que yo suelto el celular y lo largo, porque yo me muero antes de mandarle un \u2018fundazo\u2019 a ella directamente, pero s\u00ed, es muy decepcionante cuando t\u00fa dices: \u2018\u00bfPara qu\u00e9 t\u00fa me metiste a hablar de eso, si todo lo que est\u00e1 pasando es lo mismo?\u2019\u201d, a\u00f1adi\u00f3.<\/p>\n\n\n\n<p>Se refiri\u00f3 a las parodias que realizaban antes en el programa y dijo que si las ve\u00edan en este momento pensar\u00edan que las grabaron ayer. \u201cTodas las parodias, o sea, todas, yo te las pongo y parece que las grabamos ayer\u201d.<\/p>\n\n\n\n<p>\u201cYo entro a un programa a darle funda a un sistema y cuando cambia todo tenemos lo mismo que nosotros critic\u00e1bamos; las parodias parecen que las hicimos ayer con lo mismo que nosotros critic\u00e1bamos y por eso es mi gran decepci\u00f3n\u201d, enfatiz\u00f3.<\/p>\n","protected":false},"excerpt":{"rendered":"<p>Santo Domingo.- El humorista y comunicador Irving Alberti dijo que se siente decepcionado de ver a su amiga Milagros Germ\u00e1n en la pol\u00edtica luego de estar en el programa \u201cChevere Nights\u201d criticando todo lo que pasaba con el pasado Gobierno y cuando se hizo un cambio de administraci\u00f3n en el pa\u00eds, continu\u00f3 pasando lo mismo [&hellip;]<\/p>\n","protected":false},"author":2,"featured_media":72842,"comment_status":"open","ping_status":"open","sticky":false,"template":"","format":"standard","meta":{"footnotes":""},"categories":[44],"tags":[845,939,58],"class_list":{"0":"post-72841","1":"post","2":"type-post","3":"status-publish","4":"format-standard","5":"has-post-thumbnail","7":"category-actualidad","8":"tag-ahora-mas-rd","9":"tag-cada-minuto-una-verdad","10":"tag-republica-dominicana"},"aioseo_notices":[],"amp_enabled":true,"_links":{"self":[{"href":"https:\/\/ahoramasrd.com.do\/index.php?rest_route=\/wp\/v2\/posts\/72841","targetHints":{"allow":["GET"]}}],"collection":[{"href":"https:\/\/ahoramasrd.com.do\/index.php?rest_route=\/wp\/v2\/posts"}],"about":[{"href":"https:\/\/ahoramasrd.com.do\/index.php?rest_route=\/wp\/v2\/types\/post"}],"author":[{"embeddable":true,"href":"https:\/\/ahoramasrd.com.do\/index.php?rest_route=\/wp\/v2\/users\/2"}],"replies":[{"embeddable":true,"href":"https:\/\/ahoramasrd.com.do\/index.php?rest_route=%2Fwp%2Fv2%2Fcomments&post=72841"}],"version-history":[{"count":0,"href":"https:\/\/ahoramasrd.com.do\/index.php?rest_route=\/wp\/v2\/posts\/72841\/revisions"}],"wp:featuredmedia":[{"embeddable":true,"href":"https:\/\/ahoramasrd.com.do\/index.php?rest_route=\/"}],"wp:attachment":[{"href":"https:\/\/ahoramasrd.com.do\/index.php?rest_route=%2Fwp%2Fv2%2Fmedia&parent=72841"}],"wp:term":[{"taxonomy":"category","embeddable":true,"href":"https:\/\/ahoramasrd.com.do\/index.php?rest_route=%2Fwp%2Fv2%2Fcategories&post=72841"},{"taxonomy":"post_tag","embeddable":true,"href":"https:\/\/ahoramasrd.com.do\/index.php?rest_route=%2Fwp%2Fv2%2Ftags&post=72841"}],"curies":[{"name":"wp","href":"https:\/\/api.w.org\/{rel}","templated":true}]}}