{"id":72853,"date":"2025-01-06T18:16:31","date_gmt":"2025-01-06T22:16:31","guid":{"rendered":"https:\/\/ahoramasrd.com.do\/?p=72853"},"modified":"2025-01-06T18:17:05","modified_gmt":"2025-01-06T22:17:05","slug":"presidente-abinader-declara-duelo-nacional-por-el-fallecimiento-de-miguel-angel-bissie-romero","status":"publish","type":"post","link":"https:\/\/ahoramasrd.com.do\/?p=72853","title":{"rendered":"Presidente Abinader declara duelo nacional por el fallecimiento de Miguel \u00c1ngel Bissi\u00e9 Romero"},"content":{"rendered":"\n<p>Santo Domingo. \u2013 El presidente Luis Abinader emiti\u00f3 el Decreto n\u00fam. 1 \u2013 25 que declara de duelo oficial el d\u00eda 8 de enero del presente a\u00f1o con motivo del fallecimiento de Miguel \u00c1ngel Bissi\u00e9 Romero.<\/p>\n\n\n\n<p>Tambi\u00e9n se instruye al Ministerio de Defensa a que rinda los honores militares a este prominente ciudadano dominicano y de igual forma, que la bandera nacional deber\u00e1 ondear a media asta el d\u00eda se\u00f1alado en los recintos militares y edificios p\u00fablicos en todo el pa\u00eds.<\/p>\n","protected":false},"excerpt":{"rendered":"<p>Santo Domingo. \u2013 El presidente Luis Abinader emiti\u00f3 el Decreto n\u00fam. 1 \u2013 25 que declara de duelo oficial el d\u00eda 8 de enero del presente a\u00f1o con motivo del fallecimiento de Miguel \u00c1ngel Bissi\u00e9 Romero. Tambi\u00e9n se instruye al Ministerio de Defensa a que rinda los honores militares a este prominente ciudadano dominicano y [&hellip;]<\/p>\n","protected":false},"author":2,"featured_media":72855,"comment_status":"open","ping_status":"open","sticky":false,"template":"","format":"standard","meta":{"footnotes":""},"categories":[44],"tags":[939,58],"class_list":{"0":"post-72853","1":"post","2":"type-post","3":"status-publish","4":"format-standard","5":"has-post-thumbnail","7":"category-actualidad","8":"tag-cada-minuto-una-verdad","9":"tag-republica-dominicana"},"aioseo_notices":[],"amp_enabled":true,"_links":{"self":[{"href":"https:\/\/ahoramasrd.com.do\/index.php?rest_route=\/wp\/v2\/posts\/72853","targetHints":{"allow":["GET"]}}],"collection":[{"href":"https:\/\/ahoramasrd.com.do\/index.php?rest_route=\/wp\/v2\/posts"}],"about":[{"href":"https:\/\/ahoramasrd.com.do\/index.php?rest_route=\/wp\/v2\/types\/post"}],"author":[{"embeddable":true,"href":"https:\/\/ahoramasrd.com.do\/index.php?rest_route=\/wp\/v2\/users\/2"}],"replies":[{"embeddable":true,"href":"https:\/\/ahoramasrd.com.do\/index.php?rest_route=%2Fwp%2Fv2%2Fcomments&post=72853"}],"version-history":[{"count":0,"href":"https:\/\/ahoramasrd.com.do\/index.php?rest_route=\/wp\/v2\/posts\/72853\/revisions"}],"wp:featuredmedia":[{"embeddable":true,"href":"https:\/\/ahoramasrd.com.do\/index.php?rest_route=\/"}],"wp:attachment":[{"href":"https:\/\/ahoramasrd.com.do\/index.php?rest_route=%2Fwp%2Fv2%2Fmedia&parent=72853"}],"wp:term":[{"taxonomy":"category","embeddable":true,"href":"https:\/\/ahoramasrd.com.do\/index.php?rest_route=%2Fwp%2Fv2%2Fcategories&post=72853"},{"taxonomy":"post_tag","embeddable":true,"href":"https:\/\/ahoramasrd.com.do\/index.php?rest_route=%2Fwp%2Fv2%2Ftags&post=72853"}],"curies":[{"name":"wp","href":"https:\/\/api.w.org\/{rel}","templated":true}]}}