{"id":72860,"date":"2025-01-07T18:19:08","date_gmt":"2025-01-07T22:19:08","guid":{"rendered":"https:\/\/ahoramasrd.com.do\/?p=72860"},"modified":"2025-01-07T18:19:10","modified_gmt":"2025-01-07T22:19:10","slug":"abinader-acepta-renuncia-de-milagros-german-en-el-ministerio-de-cultura","status":"publish","type":"post","link":"https:\/\/ahoramasrd.com.do\/?p=72860","title":{"rendered":"Abinader acepta renuncia de Milagros Germ\u00e1n en el Ministerio de Cultura"},"content":{"rendered":"\n<p>Milagros Germ\u00e1n renunci\u00f3 a su posici\u00f3n como Ministra de Cultura, tras tres a\u00f1os y varios meses desempe\u00f1\u00e1ndose en esa funci\u00f3n.<\/p>\n\n\n\n<p>El presidente Luis Abinader comparti\u00f3 a trav\u00e9s de su canal de Whatsapp la carta donde acepta la renuncia de Germ\u00e1n.<\/p>\n\n\n\n<p>\u201cSu paso desde el sector privado hacia la funci\u00f3n p\u00fablica fue un acto de valent\u00eda y compromiso con la naci\u00f3n. A lo largo de estos a\u00f1os, usted ha demostrado capacidad de liderazgo, honestidad y una pasi\u00f3n inquebrantable por fortalecer la cultura dominicana\u201d, cita en la carta.<\/p>\n\n\n\n<p>Asimismo, le agradeci\u00f3 por haber servido \u201ccon integridad y entrega sacrificando una reputaci\u00f3n impecable en el sector privado para ponerse al servicio de todos los dominicanos. Su legado en el Ministerio de Cultura ser\u00e1 un referente para futuras gestiones\u201d, escribi\u00f3 en la misiva.<\/p>\n\n\n\n<p>Abinader tambi\u00e9n le expres\u00f3 su admiraci\u00f3n y dese\u00f3 suerte en su regreso al \u00e1mbito privado.<\/p>\n\n\n\n<p>\u201cS\u00e9 que, desde cualquier espacio, seguir\u00e1 siendo una aliada en la construcci\u00f3n del pa\u00eds que todos so\u00f1amos\u201d, finaliz\u00f3 el comunicado.<\/p>\n\n\n\n<p>\u201cLa Diva\u201d asumi\u00f3 esa posici\u00f3n el 10 de octubre de 2021, luego de encabezar por m\u00e1s de un a\u00f1o la Direcci\u00f3n de Comunicaciones de la Presidencia (Dicom).<\/p>\n\n\n\n<p>Germ\u00e1n sustituy\u00f3 en el Ministerio de Cultura a Carmen Heredia, quien pas\u00f3 a ser asesora del Poder Ejecutivo en materia de pol\u00edticas culturales, con asiento en el Palacio Nacional.<\/p>\n\n\n\n<p>Durante el fin de semana el humorista Irving Alberti hizo comentarios en contra al Gobierno, sin embargo, asegur\u00f3 que nunca atacar\u00eda de manera directa a su amiga, la ministra de Cultura, Milagros Germ\u00e1n, pero es \u201cdecepcionante\u201d viendo que todo lo que est\u00e1 pasando \u201ces lo mismo\u201d.<\/p>\n\n\n\n<p>\u201cA ella nunca la voy a enfrentar de frente. Yo amo a Milagros, nunca la voy a enfrentar, o sea, as\u00ed full de que ella haga algo\u2026 hay cosas que hace y yo suelto el celular porque yo me muero antes de mandarle un fundazo (ataque) a ella directamente, pero es muy decepcionante cuando t\u00fa dices \u00b4pa\u00b4 qu\u00e9 t\u00fa me metiste a hablar de eso (pol\u00edtica)\u201d, expres\u00f3 Alberti en una entrevista en el canal de YouTube de Aquiles Correa \u201cEl meneo de Correa\u201d.<\/p>\n\n\n\n<p>El \u201cman\u00edn\u201d dijo que todas las parodias que realizaban en el desaparecido espacio televisivo que conduc\u00eda la \u201cDiva\u201d, es \u201ccomo si la hubi\u00e9semos hecho ayer\u201d.<\/p>\n\n\n\n<p>\u201cYo nunca hablaba de pol\u00edtica\u201d, dijo el comediante. \u201cEntonces, yo entro a un programa a darle funda a un gobierno, a darle funda a un sistema y cuando cambia todo, tenemos lo mismo que nosotros critic\u00e1bamos y por eso es mi gran decepci\u00f3n\u201d, dijo.<\/p>\n\n\n\n<p>Se recuerda que el actor estuvo por a\u00f1os junto a Milagros Germ\u00e1n en \u201cCh\u00e9vere Nights\u201d, el programa que se transmit\u00eda por Telesiste de lunes a viernes, y donde se realizaban parodias sobre las situaciones del pa\u00eds.<\/p>\n\n\n\n<p>El espacio nocturno sali\u00f3 del aire en enero de 2021.<\/p>\n","protected":false},"excerpt":{"rendered":"<p>Milagros Germ\u00e1n renunci\u00f3 a su posici\u00f3n como Ministra de Cultura, tras tres a\u00f1os y varios meses desempe\u00f1\u00e1ndose en esa funci\u00f3n. El presidente Luis Abinader comparti\u00f3 a trav\u00e9s de su canal de Whatsapp la carta donde acepta la renuncia de Germ\u00e1n. \u201cSu paso desde el sector privado hacia la funci\u00f3n p\u00fablica fue un acto de valent\u00eda [&hellip;]<\/p>\n","protected":false},"author":2,"featured_media":72861,"comment_status":"open","ping_status":"open","sticky":false,"template":"","format":"standard","meta":{"footnotes":""},"categories":[44],"tags":[845,939,58],"class_list":{"0":"post-72860","1":"post","2":"type-post","3":"status-publish","4":"format-standard","5":"has-post-thumbnail","7":"category-actualidad","8":"tag-ahora-mas-rd","9":"tag-cada-minuto-una-verdad","10":"tag-republica-dominicana"},"aioseo_notices":[],"amp_enabled":true,"_links":{"self":[{"href":"https:\/\/ahoramasrd.com.do\/index.php?rest_route=\/wp\/v2\/posts\/72860","targetHints":{"allow":["GET"]}}],"collection":[{"href":"https:\/\/ahoramasrd.com.do\/index.php?rest_route=\/wp\/v2\/posts"}],"about":[{"href":"https:\/\/ahoramasrd.com.do\/index.php?rest_route=\/wp\/v2\/types\/post"}],"author":[{"embeddable":true,"href":"https:\/\/ahoramasrd.com.do\/index.php?rest_route=\/wp\/v2\/users\/2"}],"replies":[{"embeddable":true,"href":"https:\/\/ahoramasrd.com.do\/index.php?rest_route=%2Fwp%2Fv2%2Fcomments&post=72860"}],"version-history":[{"count":0,"href":"https:\/\/ahoramasrd.com.do\/index.php?rest_route=\/wp\/v2\/posts\/72860\/revisions"}],"wp:featuredmedia":[{"embeddable":true,"href":"https:\/\/ahoramasrd.com.do\/index.php?rest_route=\/"}],"wp:attachment":[{"href":"https:\/\/ahoramasrd.com.do\/index.php?rest_route=%2Fwp%2Fv2%2Fmedia&parent=72860"}],"wp:term":[{"taxonomy":"category","embeddable":true,"href":"https:\/\/ahoramasrd.com.do\/index.php?rest_route=%2Fwp%2Fv2%2Fcategories&post=72860"},{"taxonomy":"post_tag","embeddable":true,"href":"https:\/\/ahoramasrd.com.do\/index.php?rest_route=%2Fwp%2Fv2%2Ftags&post=72860"}],"curies":[{"name":"wp","href":"https:\/\/api.w.org\/{rel}","templated":true}]}}