{"id":72869,"date":"2025-01-07T18:25:31","date_gmt":"2025-01-07T22:25:31","guid":{"rendered":"https:\/\/ahoramasrd.com.do\/?p=72869"},"modified":"2025-01-07T18:25:33","modified_gmt":"2025-01-07T22:25:33","slug":"indotel-y-ministerio-de-la-mujer-trabajan-para-superar-brecha-digital-de-genero","status":"publish","type":"post","link":"https:\/\/ahoramasrd.com.do\/?p=72869","title":{"rendered":"INDOTEL y Ministerio de la Mujer trabajan para superar brecha digital de g\u00e9nero"},"content":{"rendered":"\n<p>Pese a que las mujeres representan el 66 por ciento de matr\u00edcula educativa, s\u00f3lo el 18 participa en \u00e1reas relacionadas a tecnolog\u00eda<br>Santo Domingo \u2022\u2014 El presidente del Consejo Directivo del Instituto Dominicano de las Telecomunicaciones (INDOTEL), Guido G\u00f3mez Mazara, sostuvo una reuni\u00f3n con la ministra de la Mujer, Mayra Jim\u00e9nez, con el objetivo de coordinar acciones para reducir la brecha digital de g\u00e9nero y garantizar que las mujeres tengan las mismas oportunidades en las \u00e1reas relacionadas con la Tecnolog\u00eda de la Informaci\u00f3n y la Comunicaci\u00f3n (TIC).<\/p>\n\n\n\n<p>Durante el encuentro, G\u00f3mez Mazara resalt\u00f3 que la brecha digital no es solo un problema tecnol\u00f3gico, sino una forma de exclusi\u00f3n de g\u00e9nero que requiere una respuesta articulada entre ambas instituciones del Estado para garantizar la participaci\u00f3n de las mujeres en igualdad de condiciones en el desarrollo y acceso de la tecnolog\u00eda.<\/p>\n\n\n\n<p>Dijo que este acercamiento responde a un esfuerzo conjunto del Gobierno para fomentar la igualdad de oportunidades y fortalecer la inclusi\u00f3n digital de las mujeres dominicanas.<\/p>\n\n\n\n<p>Asimismo, la ministra Jim\u00e9nez destac\u00f3 que, aunque las mujeres representan el 66% de la matr\u00edcula en educaci\u00f3n superior, solo el 18% participa en \u00e1reas relacionadas a la tecnolog\u00eda.<\/p>\n\n\n\n<p>Tambi\u00e9n subray\u00f3 que, seg\u00fan datos de la Organizaci\u00f3n de las Naciones Unidas (ONU), para el a\u00f1o 2050, el 75% de los empleos estar\u00e1 vinculado a los campos STEM (Ciencia, Tecnolog\u00eda, Ingenier\u00eda y Matem\u00e1ticas), y deplor\u00f3 que las mujeres apenas ocupan el 22% de las posiciones en inteligencia artificial.<\/p>\n\n\n\n<p>\u201cLa inclusi\u00f3n de las mujeres en carreras STEM no solo reduce la brecha salarial de g\u00e9nero, sino que tambi\u00e9n fortalece su seguridad econ\u00f3mica y fomenta una fuerza laboral m\u00e1s diversa y competitiva. Es vital generar pol\u00edticas, programas y planes que faciliten su acceso y participaci\u00f3n\u201d, se\u00f1al\u00f3 la ministra.<\/p>\n\n\n\n<p>Los titulares de las instituciones acordaron la firma de un convenio interinstitucional para impulsar acciones claves para cerrar la brecha digital de g\u00e9nero, combatir la violencia de g\u00e9nero e intrafamiliar a trav\u00e9s de herramientas tecnol\u00f3gicas, y promover servicios enfocados en el bienestar de las mujeres.<\/p>\n\n\n\n<p>En la reuni\u00f3n la ministra de la Mujer estuvo acompa\u00f1ada por la directora de Derechos Integrales, Miguelina Ram\u00edrez Kelly; la asesora de Educaci\u00f3n para la Igualdad, Yirdalina Tatem, y la especialista de Transversalidad de G\u00e9nero de la instituci\u00f3n, Maripili Florentino.<\/p>\n","protected":false},"excerpt":{"rendered":"<p>Pese a que las mujeres representan el 66 por ciento de matr\u00edcula educativa, s\u00f3lo el 18 participa en \u00e1reas relacionadas a tecnolog\u00edaSanto Domingo \u2022\u2014 El presidente del Consejo Directivo del Instituto Dominicano de las Telecomunicaciones (INDOTEL), Guido G\u00f3mez Mazara, sostuvo una reuni\u00f3n con la ministra de la Mujer, Mayra Jim\u00e9nez, con el objetivo de coordinar [&hellip;]<\/p>\n","protected":false},"author":2,"featured_media":72870,"comment_status":"open","ping_status":"open","sticky":false,"template":"","format":"standard","meta":{"footnotes":""},"categories":[44],"tags":[845,939,58],"class_list":{"0":"post-72869","1":"post","2":"type-post","3":"status-publish","4":"format-standard","5":"has-post-thumbnail","7":"category-actualidad","8":"tag-ahora-mas-rd","9":"tag-cada-minuto-una-verdad","10":"tag-republica-dominicana"},"aioseo_notices":[],"amp_enabled":true,"_links":{"self":[{"href":"https:\/\/ahoramasrd.com.do\/index.php?rest_route=\/wp\/v2\/posts\/72869","targetHints":{"allow":["GET"]}}],"collection":[{"href":"https:\/\/ahoramasrd.com.do\/index.php?rest_route=\/wp\/v2\/posts"}],"about":[{"href":"https:\/\/ahoramasrd.com.do\/index.php?rest_route=\/wp\/v2\/types\/post"}],"author":[{"embeddable":true,"href":"https:\/\/ahoramasrd.com.do\/index.php?rest_route=\/wp\/v2\/users\/2"}],"replies":[{"embeddable":true,"href":"https:\/\/ahoramasrd.com.do\/index.php?rest_route=%2Fwp%2Fv2%2Fcomments&post=72869"}],"version-history":[{"count":0,"href":"https:\/\/ahoramasrd.com.do\/index.php?rest_route=\/wp\/v2\/posts\/72869\/revisions"}],"wp:featuredmedia":[{"embeddable":true,"href":"https:\/\/ahoramasrd.com.do\/index.php?rest_route=\/"}],"wp:attachment":[{"href":"https:\/\/ahoramasrd.com.do\/index.php?rest_route=%2Fwp%2Fv2%2Fmedia&parent=72869"}],"wp:term":[{"taxonomy":"category","embeddable":true,"href":"https:\/\/ahoramasrd.com.do\/index.php?rest_route=%2Fwp%2Fv2%2Fcategories&post=72869"},{"taxonomy":"post_tag","embeddable":true,"href":"https:\/\/ahoramasrd.com.do\/index.php?rest_route=%2Fwp%2Fv2%2Ftags&post=72869"}],"curies":[{"name":"wp","href":"https:\/\/api.w.org\/{rel}","templated":true}]}}