{"id":72872,"date":"2025-01-07T18:32:19","date_gmt":"2025-01-07T22:32:19","guid":{"rendered":"https:\/\/ahoramasrd.com.do\/?p=72872"},"modified":"2025-01-07T18:32:21","modified_gmt":"2025-01-07T22:32:21","slug":"senado-declara-de-urgencia-y-aprueba-modificaciones-a-ley-de-residuos-solidos","status":"publish","type":"post","link":"https:\/\/ahoramasrd.com.do\/?p=72872","title":{"rendered":"Senado declara de urgencia y aprueba modificaciones a Ley de Residuos S\u00f3lidos"},"content":{"rendered":"\n<p>La normativa busca fortalecer la gesti\u00f3n integral y sostenible de los residuos s\u00f3lidos, a fin de mantener la armon\u00eda entre el hombre y su ambiente.<br>Santo Domingo. \u2013 El Senado de la Rep\u00fablica aprob\u00f3 y declaro de urgencia en dos lecturas consecutivas, las modificaciones a la ley n\u00famero 225-20, Ley General de Gesti\u00f3n Integral y Procesamiento de Residuos S\u00f3lidos de la Rep\u00fablica Dominicana.<br>El proyecto fue presentado por los senadores Ram\u00f3n Rogelio Genao Dur\u00e1n por de la provincia La Vega; y Ginnette Bournigal de Jim\u00e9nez de Puerto Plata.<br>Esta pieza tiene el prop\u00f3sito de fortalecer el marco normativo para la gesti\u00f3n integral y sostenible de los residuos s\u00f3lidos, modificando los art\u00edculos 4, en los numerales 11, 38, y 39; y se agregan los numerales 21-bis, 26-bis y 47-bis. Tambi\u00e9n modifica los art\u00edculos 16 y 17 de la presente ley con el fin de mantener la armon\u00eda entre el hombre y su ambiente, e impedir, subsanar, corregir o eliminar las situaciones que pongan en riesgo la calidad de los recursos naturales y de la bi\u00f3sfera.<br>La iniciativa refiere que desde la promulgaci\u00f3n de la Ley 225-20, Ley General de Gesti\u00f3n Integral y Coprocesamiento de Residuos S\u00f3lidos, no se han logrado grandes avances en la reducci\u00f3n del impacto ambiental de los residuos s\u00f3lidos, no obstante, persisten desaf\u00edos en la implementaci\u00f3n efectiva de la gesti\u00f3n integral de estos.<br>La normativa establece que el manejo y la gesti\u00f3n integral y disposici\u00f3n final de los residuos es uno de los principales pilares de la Ley No. 225-20, ya que el aumento de la poblaci\u00f3n, junto a los cambios en los patrones de consumo, ha provocado un incremento en la cantidad de residuos que se generan en el pa\u00eds. En virtud de esto, se hace necesario adoptar medidas que garanticen la conservaci\u00f3n del ambiente sano y ecol\u00f3gicamente equilibrado para las presentes y futuras generaciones.<br>El Pleno aprob\u00f3 en segunda lectura el proyecto de ley que modifica la Ley-358-05, sobre la Ley General de Protecci\u00f3n de los Derechos del Consumidor o Usuario.<br>Esta normativa tiene la finalidad de modificar varios art\u00edculos para establecer un r\u00e9gimen de defensa de los derechos del consumidor y usuario, garantizando la equidad y la seguridad jur\u00eddica en las relaciones entre los proveedores, consumidores de bienes y usuarios de servicios, sean de derecho p\u00fablico o privado, nacionales o extranjeros y la calidad de los productos que consume la poblaci\u00f3n.<br>La pieza presentada por el senador de la provincia de Santiago Rodr\u00edguez, Antonio Marte, indica que el Instituto Nacional de Protecci\u00f3n de los Derechos del Consumidor (PROCONSUMIDOR), como \u00f3rgano del Estado destinado a garantizar los derechos fundamentales de las personas y su acceso a bienes, servicios y alimentos de calidad, debe poseer las cualidades administrativas que lo doten de las competencias sancionadoras necesarias, propugnando as\u00ed por la eficacia en la aplicaci\u00f3n de la ley y el beneficio colectivo.<br>En segunda lectura el Pleno aprob\u00f3 el proyecto que designa con el nombre de Theodore Chasseriau el Bulevar Tur\u00edstico del Atl\u00e1ntico, comprendido desde el cruce el Catey, en el municipio S\u00e1nchez, hasta el cruce el Lim\u00f3n, con la carretera de Saman\u00e1, de la provincia Saman\u00e1, propuesta del senador Pedro Manuel Catrain.<\/p>\n\n\n\n<p>RATIFICAN NOMBRAMIENTOS DIPLOM\u00c1TICOS<br>Los senadores ratificaron en \u00fanica lectura siete nombramientos diplom\u00e1ticos remitidos por el Poder Ejecutivo, entre ellos: el nombramiento de David Enmanuel Puig Buchel, como embajador en la Rep\u00fablica Francesa; Mar\u00eda Amelia Marranzini Grull\u00f3n, como embajadora en la Rep\u00fablica de Costa Rica; as\u00ed como la ratificaci\u00f3n de Flavio Amaury Rond\u00f3n de Jes\u00fas, como embajador de la Rep\u00fablica Dominicana en el Salvador.<br>Adem\u00e1s, fue ratificado el nombramiento diplom\u00e1tico de Iris Joseline Pujol Rodr\u00edguez, como embajadora en la Rep\u00fablica Federal de Alemania; y Alejandro Arias Zarzuela, como embajador, extraordinario y plenipotenciario, concurrente, en la Rep\u00fablica de Tayikist\u00e1n, con sede en la Federaci\u00f3n de Rusia.<br>Tambi\u00e9n, el Pleno del Senado ratific\u00f3 el nombramiento de Carlos de la Mota Jim\u00e9nez, en el Reino de los Pa\u00edses Bajos; y el de Yolanda Alexandra de F\u00e1tima Victoria \u00c1lvarez, como embajadora en Antigua y Barbuda.<br>En los trabajos legislativos de este martes el Pleno Senatorial guard\u00f3 un minuto de silencio por el fallecimiento del profesor Hugo estrella Guzm\u00e1n y por Miguel \u00c1ngel Bissi\u00e9 Romero, el \u00faltimo sobreviviente del ajusticiamiento de Rafael Le\u00f3nidas Trujillo.<br>El presidente del Senado convoc\u00f3 a sesi\u00f3n para ma\u00f1ana mi\u00e9rcoles 8 de enero a las 2:00 de la tarde.<\/p>\n","protected":false},"excerpt":{"rendered":"<p>La normativa busca fortalecer la gesti\u00f3n integral y sostenible de los residuos s\u00f3lidos, a fin de mantener la armon\u00eda entre el hombre y su ambiente.Santo Domingo. \u2013 El Senado de la Rep\u00fablica aprob\u00f3 y declaro de urgencia en dos lecturas consecutivas, las modificaciones a la ley n\u00famero 225-20, Ley General de Gesti\u00f3n Integral y Procesamiento [&hellip;]<\/p>\n","protected":false},"author":2,"featured_media":72873,"comment_status":"open","ping_status":"open","sticky":false,"template":"","format":"standard","meta":{"footnotes":""},"categories":[44],"tags":[845,939,58],"class_list":{"0":"post-72872","1":"post","2":"type-post","3":"status-publish","4":"format-standard","5":"has-post-thumbnail","7":"category-actualidad","8":"tag-ahora-mas-rd","9":"tag-cada-minuto-una-verdad","10":"tag-republica-dominicana"},"aioseo_notices":[],"amp_enabled":true,"_links":{"self":[{"href":"https:\/\/ahoramasrd.com.do\/index.php?rest_route=\/wp\/v2\/posts\/72872","targetHints":{"allow":["GET"]}}],"collection":[{"href":"https:\/\/ahoramasrd.com.do\/index.php?rest_route=\/wp\/v2\/posts"}],"about":[{"href":"https:\/\/ahoramasrd.com.do\/index.php?rest_route=\/wp\/v2\/types\/post"}],"author":[{"embeddable":true,"href":"https:\/\/ahoramasrd.com.do\/index.php?rest_route=\/wp\/v2\/users\/2"}],"replies":[{"embeddable":true,"href":"https:\/\/ahoramasrd.com.do\/index.php?rest_route=%2Fwp%2Fv2%2Fcomments&post=72872"}],"version-history":[{"count":0,"href":"https:\/\/ahoramasrd.com.do\/index.php?rest_route=\/wp\/v2\/posts\/72872\/revisions"}],"wp:featuredmedia":[{"embeddable":true,"href":"https:\/\/ahoramasrd.com.do\/index.php?rest_route=\/"}],"wp:attachment":[{"href":"https:\/\/ahoramasrd.com.do\/index.php?rest_route=%2Fwp%2Fv2%2Fmedia&parent=72872"}],"wp:term":[{"taxonomy":"category","embeddable":true,"href":"https:\/\/ahoramasrd.com.do\/index.php?rest_route=%2Fwp%2Fv2%2Fcategories&post=72872"},{"taxonomy":"post_tag","embeddable":true,"href":"https:\/\/ahoramasrd.com.do\/index.php?rest_route=%2Fwp%2Fv2%2Ftags&post=72872"}],"curies":[{"name":"wp","href":"https:\/\/api.w.org\/{rel}","templated":true}]}}