{"id":72878,"date":"2025-01-07T18:42:54","date_gmt":"2025-01-07T22:42:54","guid":{"rendered":"https:\/\/ahoramasrd.com.do\/?p=72878"},"modified":"2025-01-07T18:42:57","modified_gmt":"2025-01-07T22:42:57","slug":"familiares-de-adolescente-desaparecida-solicitan-ayuda-para-localizarla-aseguran-estuvo-con-un-desconocido","status":"publish","type":"post","link":"https:\/\/ahoramasrd.com.do\/?p=72878","title":{"rendered":"Familiares de adolescente desaparecida solicitan ayuda para localizarla; aseguran estuvo con un desconocido"},"content":{"rendered":"\n<p>Santo Domingo.- Los familiares de una adolescente de 17 a\u00f1os, Bajo de Haina, provincia San Crist\u00f3bal, reportada como desaparecida desde el pasado 2 de enero, acudieron la tarde de este martes a la redacci\u00f3n del peri\u00f3dico De \u00daltimo Minuto para hacerle un llamado p\u00fablico a la menor, quien presuntamente fue vista la tarde de ayer en el barrio 42 de Capotillo, seg\u00fan la denuncia la misma habr\u00eda emprendido la huida con un desconocido.<\/p>\n\n\n\n<p>De acuerdo con la madre de la adolescente, la \u00faltima vez que fue vista llevaba un pantal\u00f3n jean, una camiseta blanca y tenis. Tambi\u00e9n se\u00f1al\u00f3, que su hija no hab\u00eda mostrado un comportamiento similar al de esta ocasi\u00f3n.<\/p>\n\n\n\n<p>En el transcurso de la b\u00fasqueda, una amiga de la adolescente comparti\u00f3 el n\u00famero telef\u00f3nico del desconocido con quien la menor habr\u00eda estado. La madre logr\u00f3 comunicarse con un hombre identificado como Jos\u00e9, quien confes\u00f3 haber pasado la noche con la joven, pero asegur\u00f3 que al d\u00eda siguiente ella desapareci\u00f3 mientras \u00e9l sali\u00f3 a comprar comida.<\/p>\n\n\n\n<p>Los familiares de la adolescente hacen un llamado a las autoridades y a la ciudadan\u00eda para colaborar en su b\u00fasqueda. Cualquier persona con informaci\u00f3n sobre su paradero puede comunicarse a los n\u00fameros telef\u00f3nicos 809-941-0231 o 809-717-8008.<\/p>\n","protected":false},"excerpt":{"rendered":"<p>Santo Domingo.- Los familiares de una adolescente de 17 a\u00f1os, Bajo de Haina, provincia San Crist\u00f3bal, reportada como desaparecida desde el pasado 2 de enero, acudieron la tarde de este martes a la redacci\u00f3n del peri\u00f3dico De \u00daltimo Minuto para hacerle un llamado p\u00fablico a la menor, quien presuntamente fue vista la tarde de ayer [&hellip;]<\/p>\n","protected":false},"author":2,"featured_media":72879,"comment_status":"open","ping_status":"open","sticky":false,"template":"","format":"standard","meta":{"footnotes":""},"categories":[44],"tags":[845,939,58],"class_list":{"0":"post-72878","1":"post","2":"type-post","3":"status-publish","4":"format-standard","5":"has-post-thumbnail","7":"category-actualidad","8":"tag-ahora-mas-rd","9":"tag-cada-minuto-una-verdad","10":"tag-republica-dominicana"},"aioseo_notices":[],"amp_enabled":true,"_links":{"self":[{"href":"https:\/\/ahoramasrd.com.do\/index.php?rest_route=\/wp\/v2\/posts\/72878","targetHints":{"allow":["GET"]}}],"collection":[{"href":"https:\/\/ahoramasrd.com.do\/index.php?rest_route=\/wp\/v2\/posts"}],"about":[{"href":"https:\/\/ahoramasrd.com.do\/index.php?rest_route=\/wp\/v2\/types\/post"}],"author":[{"embeddable":true,"href":"https:\/\/ahoramasrd.com.do\/index.php?rest_route=\/wp\/v2\/users\/2"}],"replies":[{"embeddable":true,"href":"https:\/\/ahoramasrd.com.do\/index.php?rest_route=%2Fwp%2Fv2%2Fcomments&post=72878"}],"version-history":[{"count":0,"href":"https:\/\/ahoramasrd.com.do\/index.php?rest_route=\/wp\/v2\/posts\/72878\/revisions"}],"wp:featuredmedia":[{"embeddable":true,"href":"https:\/\/ahoramasrd.com.do\/index.php?rest_route=\/"}],"wp:attachment":[{"href":"https:\/\/ahoramasrd.com.do\/index.php?rest_route=%2Fwp%2Fv2%2Fmedia&parent=72878"}],"wp:term":[{"taxonomy":"category","embeddable":true,"href":"https:\/\/ahoramasrd.com.do\/index.php?rest_route=%2Fwp%2Fv2%2Fcategories&post=72878"},{"taxonomy":"post_tag","embeddable":true,"href":"https:\/\/ahoramasrd.com.do\/index.php?rest_route=%2Fwp%2Fv2%2Ftags&post=72878"}],"curies":[{"name":"wp","href":"https:\/\/api.w.org\/{rel}","templated":true}]}}