{"id":72889,"date":"2025-01-07T20:13:36","date_gmt":"2025-01-08T00:13:36","guid":{"rendered":"https:\/\/ahoramasrd.com.do\/?p=72889"},"modified":"2025-01-07T20:13:38","modified_gmt":"2025-01-08T00:13:38","slug":"choferes-se-quejan-de-lentitud-en-trabajos-en-el-9-de-la-duarte","status":"publish","type":"post","link":"https:\/\/ahoramasrd.com.do\/?p=72889","title":{"rendered":"Choferes se quejan de lentitud en trabajos en el 9 de la Duarte"},"content":{"rendered":"\n<p>telegram sharing button Compartirwhatsapp sharing button Compartir<br>Choferes del transporte p\u00fablico se quejaron de que los trabajos que realiza el Ministerio de Obras P\u00fablicas para la agilizaci\u00f3n del tr\u00e1nsito en el kil\u00f3metro 9 de la autopista Duarte avanzan con un alto grado de lentitud.<\/p>\n\n\n\n<p>Aseguran que esta situaci\u00f3n les desfavorece, en virtud de que tienen que enfrentarse a grandes tapones y un elevado consumo de combustible.<\/p>\n\n\n\n<p>La mayor\u00eda de los entrevistados aseguraron que constantemente asfaltan y vuelven a romper. \u201cEso es ya t\u00fa sabe, haciendo una cosa y debaratando otra y haciendo otra y tienen a uno ya en sosobra con esos tapones\u201d, dijo un se\u00f1or que se identific\u00f3 como Andr\u00e9s.<\/p>\n\n\n\n<p>En tanto, que el se\u00f1or Manuel Herrera, aunque manifest\u00f3 que la intervenci\u00f3n al 9 de la Duarte ha sido un caos en el \u00e1rea, dijo que espera que valga la pena el trabajo y el esfuerzo que se est\u00e1 haciendo.<\/p>\n\n\n\n<p>As\u00ed mismo, justific\u00f3 el retraso de la construcci\u00f3n sobre la base de que por ah\u00ed transitan muchos veh\u00edculos, \u201cy trabajar entre tantos veh\u00edculos que pasan, tambi\u00e9n hay que tener un poquito de consideraci\u00f3n\u201d.<\/p>\n","protected":false},"excerpt":{"rendered":"<p>telegram sharing button Compartirwhatsapp sharing button CompartirChoferes del transporte p\u00fablico se quejaron de que los trabajos que realiza el Ministerio de Obras P\u00fablicas para la agilizaci\u00f3n del tr\u00e1nsito en el kil\u00f3metro 9 de la autopista Duarte avanzan con un alto grado de lentitud. Aseguran que esta situaci\u00f3n les desfavorece, en virtud de que tienen que [&hellip;]<\/p>\n","protected":false},"author":2,"featured_media":72890,"comment_status":"open","ping_status":"open","sticky":false,"template":"","format":"standard","meta":{"footnotes":""},"categories":[44],"tags":[845,939,58],"class_list":{"0":"post-72889","1":"post","2":"type-post","3":"status-publish","4":"format-standard","5":"has-post-thumbnail","7":"category-actualidad","8":"tag-ahora-mas-rd","9":"tag-cada-minuto-una-verdad","10":"tag-republica-dominicana"},"aioseo_notices":[],"amp_enabled":true,"_links":{"self":[{"href":"https:\/\/ahoramasrd.com.do\/index.php?rest_route=\/wp\/v2\/posts\/72889","targetHints":{"allow":["GET"]}}],"collection":[{"href":"https:\/\/ahoramasrd.com.do\/index.php?rest_route=\/wp\/v2\/posts"}],"about":[{"href":"https:\/\/ahoramasrd.com.do\/index.php?rest_route=\/wp\/v2\/types\/post"}],"author":[{"embeddable":true,"href":"https:\/\/ahoramasrd.com.do\/index.php?rest_route=\/wp\/v2\/users\/2"}],"replies":[{"embeddable":true,"href":"https:\/\/ahoramasrd.com.do\/index.php?rest_route=%2Fwp%2Fv2%2Fcomments&post=72889"}],"version-history":[{"count":0,"href":"https:\/\/ahoramasrd.com.do\/index.php?rest_route=\/wp\/v2\/posts\/72889\/revisions"}],"wp:featuredmedia":[{"embeddable":true,"href":"https:\/\/ahoramasrd.com.do\/index.php?rest_route=\/"}],"wp:attachment":[{"href":"https:\/\/ahoramasrd.com.do\/index.php?rest_route=%2Fwp%2Fv2%2Fmedia&parent=72889"}],"wp:term":[{"taxonomy":"category","embeddable":true,"href":"https:\/\/ahoramasrd.com.do\/index.php?rest_route=%2Fwp%2Fv2%2Fcategories&post=72889"},{"taxonomy":"post_tag","embeddable":true,"href":"https:\/\/ahoramasrd.com.do\/index.php?rest_route=%2Fwp%2Fv2%2Ftags&post=72889"}],"curies":[{"name":"wp","href":"https:\/\/api.w.org\/{rel}","templated":true}]}}