{"id":72911,"date":"2025-01-09T18:46:28","date_gmt":"2025-01-09T22:46:28","guid":{"rendered":"https:\/\/ahoramasrd.com.do\/?p=72911"},"modified":"2025-01-09T18:48:04","modified_gmt":"2025-01-09T22:48:04","slug":"miguel-mejia-desde-caracas-critica-al-presidente-abinader-y-comenta-la-situacion-en-venezuela","status":"publish","type":"post","link":"https:\/\/ahoramasrd.com.do\/?p=72911","title":{"rendered":"Miguel Mej\u00eda desde Caracas critica al presidente Abinader y comenta la situaci\u00f3n en Venezuela"},"content":{"rendered":"\n<p>Miguel Mej\u00eda, secretario general del Movimiento Izquierda Unida (MIU) y ministro de Integraci\u00f3n Regional del Gobierno, lanz\u00f3 fuertes cr\u00edticas hacia el presidente Luis Abinader, acus\u00e1ndolo de convertir el Palacio Nacional en un \u201cvertedero\u201d. En un video publicado en la cuenta oficial del MIU, Mej\u00eda afirm\u00f3 que la historia tiene reservado un lugar para el presidente Abinader: \u201cEl zafac\u00f3n\u201d.<\/p>\n\n\n\n<p>En el video, Mej\u00eda expres\u00f3 que se encontraba en Caracas, Venezuela, donde observ\u00f3 un clima de tranquilidad a pesar de la convocatoria de manifestaciones de ambos lados: el apoyo al gobierno de Nicol\u00e1s Maduro y la oposici\u00f3n que se muestra descontenta con la situaci\u00f3n actual. Asegur\u00f3 que la manifestaci\u00f3n de opositores refleja un clima de \u201cplena tolerancia y democracia interna\u201d.<\/p>\n\n\n\n<p>Mej\u00eda anticip\u00f3 que la instalaci\u00f3n de mando, convocada por el Consejo Nacional Electoral, se llevar\u00eda a cabo de forma programada y en el marco constitucional. Tambi\u00e9n se refiri\u00f3 a la reciente visita del embajador Elmundo Gonz\u00e1lez a la Rep\u00fablica Dominicana, sugiriendo que esto forma parte de un dise\u00f1o medi\u00e1tico internacional impulsado por la administraci\u00f3n Biden, que busca presionar al presidente Trump en su pol\u00edtica hacia Venezuela.<\/p>\n\n\n\n<p>El secretario general del MIU no se mostr\u00f3 optimista sobre la postura de Abinader, afirmando que el presidente ha tomado decisiones que no reflejan la voluntad del pueblo dominicano, sino una visi\u00f3n particular de su gobierno. Lament\u00f3 que el Palacio de Gobierno reciba a figuras que, seg\u00fan \u00e9l, no han hecho contribuciones significativas a la regi\u00f3n.<\/p>\n\n\n\n<p>Mej\u00eda concluy\u00f3 su declaraci\u00f3n advirtiendo que se repetir\u00e1 la historia de la oposici\u00f3n en Venezuela, mencionando el caso de Juan Guaid\u00f3, quien, seg\u00fan \u00e9l, solo estaf\u00f3 a los estadounidenses con promesas de financiamiento que nunca llegaron a su destino. Afirm\u00f3 que Nicol\u00e1s Maduro seguir\u00e1 siendo el presidente constitucional de Venezuela, independientemente de las maniobras pol\u00edticas en el \u00e1mbito internacional.<\/p>\n","protected":false},"excerpt":{"rendered":"<p>Miguel Mej\u00eda, secretario general del Movimiento Izquierda Unida (MIU) y ministro de Integraci\u00f3n Regional del Gobierno, lanz\u00f3 fuertes cr\u00edticas hacia el presidente Luis Abinader, acus\u00e1ndolo de convertir el Palacio Nacional en un \u201cvertedero\u201d. En un video publicado en la cuenta oficial del MIU, Mej\u00eda afirm\u00f3 que la historia tiene reservado un lugar para el presidente [&hellip;]<\/p>\n","protected":false},"author":2,"featured_media":72912,"comment_status":"open","ping_status":"open","sticky":false,"template":"","format":"standard","meta":{"footnotes":""},"categories":[44],"tags":[845,939,58],"class_list":{"0":"post-72911","1":"post","2":"type-post","3":"status-publish","4":"format-standard","5":"has-post-thumbnail","7":"category-actualidad","8":"tag-ahora-mas-rd","9":"tag-cada-minuto-una-verdad","10":"tag-republica-dominicana"},"aioseo_notices":[],"amp_enabled":true,"_links":{"self":[{"href":"https:\/\/ahoramasrd.com.do\/index.php?rest_route=\/wp\/v2\/posts\/72911","targetHints":{"allow":["GET"]}}],"collection":[{"href":"https:\/\/ahoramasrd.com.do\/index.php?rest_route=\/wp\/v2\/posts"}],"about":[{"href":"https:\/\/ahoramasrd.com.do\/index.php?rest_route=\/wp\/v2\/types\/post"}],"author":[{"embeddable":true,"href":"https:\/\/ahoramasrd.com.do\/index.php?rest_route=\/wp\/v2\/users\/2"}],"replies":[{"embeddable":true,"href":"https:\/\/ahoramasrd.com.do\/index.php?rest_route=%2Fwp%2Fv2%2Fcomments&post=72911"}],"version-history":[{"count":0,"href":"https:\/\/ahoramasrd.com.do\/index.php?rest_route=\/wp\/v2\/posts\/72911\/revisions"}],"wp:featuredmedia":[{"embeddable":true,"href":"https:\/\/ahoramasrd.com.do\/index.php?rest_route=\/"}],"wp:attachment":[{"href":"https:\/\/ahoramasrd.com.do\/index.php?rest_route=%2Fwp%2Fv2%2Fmedia&parent=72911"}],"wp:term":[{"taxonomy":"category","embeddable":true,"href":"https:\/\/ahoramasrd.com.do\/index.php?rest_route=%2Fwp%2Fv2%2Fcategories&post=72911"},{"taxonomy":"post_tag","embeddable":true,"href":"https:\/\/ahoramasrd.com.do\/index.php?rest_route=%2Fwp%2Fv2%2Ftags&post=72911"}],"curies":[{"name":"wp","href":"https:\/\/api.w.org\/{rel}","templated":true}]}}