{"id":72919,"date":"2025-01-09T20:32:14","date_gmt":"2025-01-10T00:32:14","guid":{"rendered":"https:\/\/ahoramasrd.com.do\/?p=72919"},"modified":"2025-01-09T20:32:15","modified_gmt":"2025-01-10T00:32:15","slug":"comunidades-de-zambrana-de-arroyo-vuelta-bloquean-acceso-a-la-via-de-cotui","status":"publish","type":"post","link":"https:\/\/ahoramasrd.com.do\/?p=72919","title":{"rendered":"Comunidades de Zambrana de Arroyo Vuelta, bloquean acceso a la v\u00eda de Cotu\u00ed"},"content":{"rendered":"\n<p>Esta noche, los comunitarios de Zambrana, que ya hab\u00edan establecido un bloqueo en la zona de Arroyo Vuelta, han decidido extender su protesta bloqueando el acceso a la carretera de Cotu\u00ed, espec\u00edficamente en el \u00e1rea conocida como la parada de los Burros. Esta acci\u00f3n se lleva a cabo a pesar de los llamados a la paz realizados por la iglesia local y las autoridades.<\/p>\n\n\n\n<p>El Ministro de Energ\u00edas y Minas, Joel Santos, hab\u00eda convocado a un di\u00e1logo entre las partes involucradas, pero este llamado fue ignorado por los manifestantes. La situaci\u00f3n ha derivado en un caos en el tr\u00e1nsito durante la noche, afectando a cientos de personas que se encuentran atrapadas en la congesti\u00f3n y que no han podido llegar a sus hogares.<\/p>\n\n\n\n<p>Las autoridades contin\u00faan trabajando para restablecer el orden en la zona y se espera que se tomen medidas para solucionar el conflicto.<\/p>\n","protected":false},"excerpt":{"rendered":"<p>Esta noche, los comunitarios de Zambrana, que ya hab\u00edan establecido un bloqueo en la zona de Arroyo Vuelta, han decidido extender su protesta bloqueando el acceso a la carretera de Cotu\u00ed, espec\u00edficamente en el \u00e1rea conocida como la parada de los Burros. Esta acci\u00f3n se lleva a cabo a pesar de los llamados a la [&hellip;]<\/p>\n","protected":false},"author":2,"featured_media":72920,"comment_status":"open","ping_status":"open","sticky":false,"template":"","format":"standard","meta":{"footnotes":""},"categories":[44],"tags":[845,939,58],"class_list":{"0":"post-72919","1":"post","2":"type-post","3":"status-publish","4":"format-standard","5":"has-post-thumbnail","7":"category-actualidad","8":"tag-ahora-mas-rd","9":"tag-cada-minuto-una-verdad","10":"tag-republica-dominicana"},"aioseo_notices":[],"amp_enabled":true,"_links":{"self":[{"href":"https:\/\/ahoramasrd.com.do\/index.php?rest_route=\/wp\/v2\/posts\/72919","targetHints":{"allow":["GET"]}}],"collection":[{"href":"https:\/\/ahoramasrd.com.do\/index.php?rest_route=\/wp\/v2\/posts"}],"about":[{"href":"https:\/\/ahoramasrd.com.do\/index.php?rest_route=\/wp\/v2\/types\/post"}],"author":[{"embeddable":true,"href":"https:\/\/ahoramasrd.com.do\/index.php?rest_route=\/wp\/v2\/users\/2"}],"replies":[{"embeddable":true,"href":"https:\/\/ahoramasrd.com.do\/index.php?rest_route=%2Fwp%2Fv2%2Fcomments&post=72919"}],"version-history":[{"count":0,"href":"https:\/\/ahoramasrd.com.do\/index.php?rest_route=\/wp\/v2\/posts\/72919\/revisions"}],"wp:featuredmedia":[{"embeddable":true,"href":"https:\/\/ahoramasrd.com.do\/index.php?rest_route=\/"}],"wp:attachment":[{"href":"https:\/\/ahoramasrd.com.do\/index.php?rest_route=%2Fwp%2Fv2%2Fmedia&parent=72919"}],"wp:term":[{"taxonomy":"category","embeddable":true,"href":"https:\/\/ahoramasrd.com.do\/index.php?rest_route=%2Fwp%2Fv2%2Fcategories&post=72919"},{"taxonomy":"post_tag","embeddable":true,"href":"https:\/\/ahoramasrd.com.do\/index.php?rest_route=%2Fwp%2Fv2%2Ftags&post=72919"}],"curies":[{"name":"wp","href":"https:\/\/api.w.org\/{rel}","templated":true}]}}