{"id":72928,"date":"2025-01-10T17:33:37","date_gmt":"2025-01-10T21:33:37","guid":{"rendered":"https:\/\/ahoramasrd.com.do\/?p=72928"},"modified":"2025-01-10T17:33:37","modified_gmt":"2025-01-10T21:33:37","slug":"presidente-abinader-agotara-agenda-este-domingo-en-el-gran-santo-domingo","status":"publish","type":"post","link":"https:\/\/ahoramasrd.com.do\/?p=72928","title":{"rendered":"Presidente Abinader agotar\u00e1 agenda este domingo en el Gran Santo Domingo"},"content":{"rendered":"\n<p>Santo Domingo. \u2013 El presidente Luis Abinader continuar\u00e1 llevando soluciones a los dominicanos y este domingo llevar\u00e1 a cabo una agenda de trabajo en el Gran Santo Domingo.<\/p>\n\n\n\n<p>La agenda del mandatario incluye el lanzamiento del Proyecto de Titulaci\u00f3n de algunos sectores de la Circunscripci\u00f3n 3 del Distrito Nacional, la inauguraci\u00f3n de la construcci\u00f3n vial de la Avenida el Sembrador-La Playa-Camino Real, entre otras obras y la inauguraci\u00f3n del Centro de la Red Educativa Unificada para la Formaci\u00f3n T\u00e9cnico Profesional.<\/p>\n\n\n\n<p>El presidente Abinader iniciar\u00e1 su recorrido el domingo a las 11:00 de la ma\u00f1ana con el acto de lanzamiento del Proyecto de Titulaci\u00f3n de la Circunscripci\u00f3n #3 del Distrito Nacional, que incluye los sectores de Gualey, Luper\u00f3n I, Capotillo, Sim\u00f3n Bol\u00edvar, 24 de Abril y las Ca\u00f1itas. El acto se realizar\u00e1 en el Colegio Santo Cura de ARS ubicado en la avenida Duarte con Nicol\u00e1s de Ovando.<\/p>\n\n\n\n<p>diecom la brisita horizontal 970&#215;90<br>Luego, el jefe de Estado, encabezar\u00e1 la inauguraci\u00f3n de la construcci\u00f3n vial de la Avenida el Sembrador-La Playa-Camino Real y siete obras m\u00e1s, en la ciudad Juan Bosch.<\/p>\n\n\n\n<p>El gobernante concluye su agenda del domingo al asistir al anuncio del lanzamiento de la innovadora Red Unificada de la Formaci\u00f3n T\u00e9cnico-Profesional. El acto se llevar\u00e1 a cabo en el Edificio Corporativo Institucional (ECI) de la entidad, ubicado en la calle Paseo de los Aviadores No. 3, ensanche Miraflores.<\/p>\n","protected":false},"excerpt":{"rendered":"<p>Santo Domingo. \u2013 El presidente Luis Abinader continuar\u00e1 llevando soluciones a los dominicanos y este domingo llevar\u00e1 a cabo una agenda de trabajo en el Gran Santo Domingo. La agenda del mandatario incluye el lanzamiento del Proyecto de Titulaci\u00f3n de algunos sectores de la Circunscripci\u00f3n 3 del Distrito Nacional, la inauguraci\u00f3n de la construcci\u00f3n vial [&hellip;]<\/p>\n","protected":false},"author":2,"featured_media":72929,"comment_status":"open","ping_status":"open","sticky":false,"template":"","format":"standard","meta":{"footnotes":""},"categories":[44],"tags":[845,939,58],"class_list":{"0":"post-72928","1":"post","2":"type-post","3":"status-publish","4":"format-standard","5":"has-post-thumbnail","7":"category-actualidad","8":"tag-ahora-mas-rd","9":"tag-cada-minuto-una-verdad","10":"tag-republica-dominicana"},"aioseo_notices":[],"amp_enabled":true,"_links":{"self":[{"href":"https:\/\/ahoramasrd.com.do\/index.php?rest_route=\/wp\/v2\/posts\/72928","targetHints":{"allow":["GET"]}}],"collection":[{"href":"https:\/\/ahoramasrd.com.do\/index.php?rest_route=\/wp\/v2\/posts"}],"about":[{"href":"https:\/\/ahoramasrd.com.do\/index.php?rest_route=\/wp\/v2\/types\/post"}],"author":[{"embeddable":true,"href":"https:\/\/ahoramasrd.com.do\/index.php?rest_route=\/wp\/v2\/users\/2"}],"replies":[{"embeddable":true,"href":"https:\/\/ahoramasrd.com.do\/index.php?rest_route=%2Fwp%2Fv2%2Fcomments&post=72928"}],"version-history":[{"count":0,"href":"https:\/\/ahoramasrd.com.do\/index.php?rest_route=\/wp\/v2\/posts\/72928\/revisions"}],"wp:featuredmedia":[{"embeddable":true,"href":"https:\/\/ahoramasrd.com.do\/index.php?rest_route=\/"}],"wp:attachment":[{"href":"https:\/\/ahoramasrd.com.do\/index.php?rest_route=%2Fwp%2Fv2%2Fmedia&parent=72928"}],"wp:term":[{"taxonomy":"category","embeddable":true,"href":"https:\/\/ahoramasrd.com.do\/index.php?rest_route=%2Fwp%2Fv2%2Fcategories&post=72928"},{"taxonomy":"post_tag","embeddable":true,"href":"https:\/\/ahoramasrd.com.do\/index.php?rest_route=%2Fwp%2Fv2%2Ftags&post=72928"}],"curies":[{"name":"wp","href":"https:\/\/api.w.org\/{rel}","templated":true}]}}