{"id":72946,"date":"2025-01-11T13:22:31","date_gmt":"2025-01-11T17:22:31","guid":{"rendered":"https:\/\/ahoramasrd.com.do\/?p=72946"},"modified":"2025-01-11T13:22:32","modified_gmt":"2025-01-11T17:22:32","slug":"miguel-mejia-afirma-que-renuncio-meses-antes-de-que-abinader-lo-destituyera","status":"publish","type":"post","link":"https:\/\/ahoramasrd.com.do\/?p=72946","title":{"rendered":"Miguel Mej\u00eda afirma que renunci\u00f3 meses antes de que Abinader lo destituyera"},"content":{"rendered":"\n<p>El exministro sin cartera para Pol\u00edticas de Integraci\u00f3n Regional, Miguel Mej\u00eda, asegur\u00f3 que su destituci\u00f3n, oficializada mediante un decreto presidencial, se trat\u00f3 de una formalizaci\u00f3n de una renuncia presentada por \u00e9l meses atr\u00e1s.<\/p>\n\n\n\n<p>Mej\u00eda explic\u00f3 que, por motivos de delicadeza, opt\u00f3 por no hacer p\u00fablica su renuncia en su momento. \u201cHace meses yo le hab\u00eda presentado mi renuncia al presidente Luis Abinader, y por un problema de delicadeza no quise hacerla p\u00fablica\u201d, declar\u00f3 durante una llamada desde Venezuela, donde asisti\u00f3 a la juramentaci\u00f3n de Nicol\u00e1s Maduro como presidente.<\/p>\n\n\n\n<p>El exfuncionario consider\u00f3 su salida como una \u201ccondecoraci\u00f3n\u201d, en medio de cr\u00edticas al Gobierno dominicano por sus posturas nacionales e internacionales. \u201cNo es honroso ser parte de un Gobierno que asume la postura que ha asumido, tanto en el panorama nacional como internacional\u201d, expres\u00f3.<\/p>\n\n\n\n<p>El decreto que oficializa su destituci\u00f3n fue emitido un d\u00eda despu\u00e9s de que Mej\u00eda calificara como un \u201cdesastre\u201d la pol\u00edtica exterior del mandatario, declaraciones que han llevado a especulaciones sobre si estas cr\u00edticas influyeron en la decisi\u00f3n de desvincularlo del cargo.<\/p>\n","protected":false},"excerpt":{"rendered":"<p>El exministro sin cartera para Pol\u00edticas de Integraci\u00f3n Regional, Miguel Mej\u00eda, asegur\u00f3 que su destituci\u00f3n, oficializada mediante un decreto presidencial, se trat\u00f3 de una formalizaci\u00f3n de una renuncia presentada por \u00e9l meses atr\u00e1s. Mej\u00eda explic\u00f3 que, por motivos de delicadeza, opt\u00f3 por no hacer p\u00fablica su renuncia en su momento. \u201cHace meses yo le hab\u00eda [&hellip;]<\/p>\n","protected":false},"author":2,"featured_media":72947,"comment_status":"open","ping_status":"open","sticky":false,"template":"","format":"standard","meta":{"footnotes":""},"categories":[44],"tags":[845,939,58],"class_list":{"0":"post-72946","1":"post","2":"type-post","3":"status-publish","4":"format-standard","5":"has-post-thumbnail","7":"category-actualidad","8":"tag-ahora-mas-rd","9":"tag-cada-minuto-una-verdad","10":"tag-republica-dominicana"},"aioseo_notices":[],"amp_enabled":true,"_links":{"self":[{"href":"https:\/\/ahoramasrd.com.do\/index.php?rest_route=\/wp\/v2\/posts\/72946","targetHints":{"allow":["GET"]}}],"collection":[{"href":"https:\/\/ahoramasrd.com.do\/index.php?rest_route=\/wp\/v2\/posts"}],"about":[{"href":"https:\/\/ahoramasrd.com.do\/index.php?rest_route=\/wp\/v2\/types\/post"}],"author":[{"embeddable":true,"href":"https:\/\/ahoramasrd.com.do\/index.php?rest_route=\/wp\/v2\/users\/2"}],"replies":[{"embeddable":true,"href":"https:\/\/ahoramasrd.com.do\/index.php?rest_route=%2Fwp%2Fv2%2Fcomments&post=72946"}],"version-history":[{"count":0,"href":"https:\/\/ahoramasrd.com.do\/index.php?rest_route=\/wp\/v2\/posts\/72946\/revisions"}],"wp:featuredmedia":[{"embeddable":true,"href":"https:\/\/ahoramasrd.com.do\/index.php?rest_route=\/"}],"wp:attachment":[{"href":"https:\/\/ahoramasrd.com.do\/index.php?rest_route=%2Fwp%2Fv2%2Fmedia&parent=72946"}],"wp:term":[{"taxonomy":"category","embeddable":true,"href":"https:\/\/ahoramasrd.com.do\/index.php?rest_route=%2Fwp%2Fv2%2Fcategories&post=72946"},{"taxonomy":"post_tag","embeddable":true,"href":"https:\/\/ahoramasrd.com.do\/index.php?rest_route=%2Fwp%2Fv2%2Ftags&post=72946"}],"curies":[{"name":"wp","href":"https:\/\/api.w.org\/{rel}","templated":true}]}}