{"id":72949,"date":"2025-01-11T13:28:05","date_gmt":"2025-01-11T17:28:05","guid":{"rendered":"https:\/\/ahoramasrd.com.do\/?p=72949"},"modified":"2025-01-11T13:28:05","modified_gmt":"2025-01-11T17:28:05","slug":"costa-rica-ecuador-panama-y-rd-rechazan-toma-de-posesion-de-maduro","status":"publish","type":"post","link":"https:\/\/ahoramasrd.com.do\/?p=72949","title":{"rendered":"Costa Rica, Ecuador, Panam\u00e1 y RD rechazan toma de posesi\u00f3n de Maduro"},"content":{"rendered":"\n<p>Santo Domingo.- El Ministerio de Relaciones Exteriores emiti\u00f3 un comunicado informando que la Alianza para el Desarrollo en Democracia (ADD), compuesta por los gobiernos de Costa Rica, Ecuador, Panam\u00e1, y Rep\u00fablica Dominicana, rechaza en\u00e9rgicamente el \u201cacto ileg\u00edtimo de toma de posesi\u00f3n\u201d de Nicol\u00e1s Maduro en Venezuela el d\u00eda de ayer.<\/p>\n\n\n\n<p>\u201cLos gobiernos de Costa Rica, Ecuador, Panam\u00e1 y Rep\u00fablica Dominicana, pa\u00edses miembros de la ADD, rechazan de la manera m\u00e1s en\u00e9rgica el acto ileg\u00edtimo de toma de posesi\u00f3n del 10 de enero en Venezuela. Este acto es producto de un fraude electoral impuesto a trav\u00e9s del Terror de Estado contra el pueblo venezolano\u201d se lee en el comunicado.<\/p>\n\n\n\n<p>Asimismo, aseguraron que \u201cexiste evidencia de que el 28 de julio de 2024, el electorado vot\u00f3 pac\u00edfica y masivamente a favor Edmundo Gonz\u00e1lez\u201d.<\/p>\n\n\n\n<p>80% de las actas certifican la victoria de Edmundo (Parte del texto integro):<\/p>\n\n\n\n<p>La oposici\u00f3n liderada por Gonz\u00e1lez Mar\u00eda Corina Machado, dio a conocer m\u00e1s del 80% de las actas obtenidas el mismo d\u00eda de la votaci\u00f3n que certifican la victoria de Gonz\u00e1lez Urrutia dichas actas fueron verificadas como aut\u00e9nticas y originales por el centro Carter \u00fanico observador internacional imparcial que pudo estar presente durante dichas elecciones.<\/p>\n","protected":false},"excerpt":{"rendered":"<p>Santo Domingo.- El Ministerio de Relaciones Exteriores emiti\u00f3 un comunicado informando que la Alianza para el Desarrollo en Democracia (ADD), compuesta por los gobiernos de Costa Rica, Ecuador, Panam\u00e1, y Rep\u00fablica Dominicana, rechaza en\u00e9rgicamente el \u201cacto ileg\u00edtimo de toma de posesi\u00f3n\u201d de Nicol\u00e1s Maduro en Venezuela el d\u00eda de ayer. \u201cLos gobiernos de Costa Rica, [&hellip;]<\/p>\n","protected":false},"author":2,"featured_media":72950,"comment_status":"open","ping_status":"open","sticky":false,"template":"","format":"standard","meta":{"footnotes":""},"categories":[44,48],"tags":[845,939,58],"class_list":{"0":"post-72949","1":"post","2":"type-post","3":"status-publish","4":"format-standard","5":"has-post-thumbnail","7":"category-actualidad","8":"category-internacionales","9":"tag-ahora-mas-rd","10":"tag-cada-minuto-una-verdad","11":"tag-republica-dominicana"},"aioseo_notices":[],"amp_enabled":true,"_links":{"self":[{"href":"https:\/\/ahoramasrd.com.do\/index.php?rest_route=\/wp\/v2\/posts\/72949","targetHints":{"allow":["GET"]}}],"collection":[{"href":"https:\/\/ahoramasrd.com.do\/index.php?rest_route=\/wp\/v2\/posts"}],"about":[{"href":"https:\/\/ahoramasrd.com.do\/index.php?rest_route=\/wp\/v2\/types\/post"}],"author":[{"embeddable":true,"href":"https:\/\/ahoramasrd.com.do\/index.php?rest_route=\/wp\/v2\/users\/2"}],"replies":[{"embeddable":true,"href":"https:\/\/ahoramasrd.com.do\/index.php?rest_route=%2Fwp%2Fv2%2Fcomments&post=72949"}],"version-history":[{"count":0,"href":"https:\/\/ahoramasrd.com.do\/index.php?rest_route=\/wp\/v2\/posts\/72949\/revisions"}],"wp:featuredmedia":[{"embeddable":true,"href":"https:\/\/ahoramasrd.com.do\/index.php?rest_route=\/"}],"wp:attachment":[{"href":"https:\/\/ahoramasrd.com.do\/index.php?rest_route=%2Fwp%2Fv2%2Fmedia&parent=72949"}],"wp:term":[{"taxonomy":"category","embeddable":true,"href":"https:\/\/ahoramasrd.com.do\/index.php?rest_route=%2Fwp%2Fv2%2Fcategories&post=72949"},{"taxonomy":"post_tag","embeddable":true,"href":"https:\/\/ahoramasrd.com.do\/index.php?rest_route=%2Fwp%2Fv2%2Ftags&post=72949"}],"curies":[{"name":"wp","href":"https:\/\/api.w.org\/{rel}","templated":true}]}}