{"id":72959,"date":"2025-01-11T18:04:37","date_gmt":"2025-01-11T22:04:37","guid":{"rendered":"https:\/\/ahoramasrd.com.do\/?p=72959"},"modified":"2025-01-11T18:04:43","modified_gmt":"2025-01-11T22:04:43","slug":"ni-siquiera-he-pensado-en-eso-dice-abinader-sobre-destitucion-juan-manuel-mendez","status":"publish","type":"post","link":"https:\/\/ahoramasrd.com.do\/?p=72959","title":{"rendered":"\u201cNi siquiera he pensado en eso\u201d, dice Abinader sobre destituci\u00f3n Juan Manuel M\u00e9ndez"},"content":{"rendered":"\n<p>El presidente Luis Abinader \u201cni siquiera ha pensado en esto\u201d en relaci\u00f3n con la supuesta destituci\u00f3n del director del Centro de Operaciones de Emergencias (COE), Juan Manuel M\u00e9ndez, seg\u00fan afirm\u00f3 el propio M\u00e9ndez en un video enviado a RC Noticias.<\/p>\n\n\n\n<p>En su mensaje, M\u00e9ndez descart\u00f3 tener conocimiento sobre un cambio en su posici\u00f3n al frente del organismo y expres\u00f3 su disposici\u00f3n de servir al pa\u00eds desde cualquier lugar. \u201cEl presidente no me ha comunicado nada al respecto, y, seg\u00fan entiendo, ni siquiera ha considerado este tema\u201d, sostuvo.<\/p>\n\n\n\n<p>El director del COE tambi\u00e9n aprovech\u00f3 para agradecer al mandatario por el apoyo brindado durante su gesti\u00f3n. \u201cEstoy profundamente agradecido con el presidente Abinader, quien me ha permitido continuar sirviendo a la naci\u00f3n. Ha sido un trato excepcional, y siempre estar\u00e9 dispuesto a contribuir, est\u00e9 o no en un cargo oficial\u201d, a\u00f1adi\u00f3.<\/p>\n\n\n\n<p>Las declaraciones surgen tras circular en algunos medios la informaci\u00f3n de que M\u00e9ndez podr\u00eda ser sustituido despu\u00e9s de 19 a\u00f1os al frente del organismo. Sin embargo, hasta el momento, no se ha confirmado de manera oficial un cambio en la direcci\u00f3n del COE.<\/p>\n\n\n\n<p>M\u00e9ndez reiter\u00f3 su compromiso con el pa\u00eds y asegur\u00f3 que permanecer\u00e1 tranquilo, disfrutando de tiempo con su familia, en caso de que se produzca una eventual destituci\u00f3n. \u201cYo estoy contento, tranquilo y agradecido con Dios y la poblaci\u00f3n\u201d, concluy\u00f3.<\/p>\n\n\n\n<p>La informaci\u00f3n se mantiene en desarrollo y se espera que las autoridades emitan un comunicado oficial al respecto.<\/p>\n","protected":false},"excerpt":{"rendered":"<p>El presidente Luis Abinader \u201cni siquiera ha pensado en esto\u201d en relaci\u00f3n con la supuesta destituci\u00f3n del director del Centro de Operaciones de Emergencias (COE), Juan Manuel M\u00e9ndez, seg\u00fan afirm\u00f3 el propio M\u00e9ndez en un video enviado a RC Noticias. En su mensaje, M\u00e9ndez descart\u00f3 tener conocimiento sobre un cambio en su posici\u00f3n al frente [&hellip;]<\/p>\n","protected":false},"author":2,"featured_media":72960,"comment_status":"open","ping_status":"open","sticky":false,"template":"","format":"standard","meta":{"footnotes":""},"categories":[44],"tags":[845,939,58],"class_list":{"0":"post-72959","1":"post","2":"type-post","3":"status-publish","4":"format-standard","5":"has-post-thumbnail","7":"category-actualidad","8":"tag-ahora-mas-rd","9":"tag-cada-minuto-una-verdad","10":"tag-republica-dominicana"},"aioseo_notices":[],"amp_enabled":true,"_links":{"self":[{"href":"https:\/\/ahoramasrd.com.do\/index.php?rest_route=\/wp\/v2\/posts\/72959","targetHints":{"allow":["GET"]}}],"collection":[{"href":"https:\/\/ahoramasrd.com.do\/index.php?rest_route=\/wp\/v2\/posts"}],"about":[{"href":"https:\/\/ahoramasrd.com.do\/index.php?rest_route=\/wp\/v2\/types\/post"}],"author":[{"embeddable":true,"href":"https:\/\/ahoramasrd.com.do\/index.php?rest_route=\/wp\/v2\/users\/2"}],"replies":[{"embeddable":true,"href":"https:\/\/ahoramasrd.com.do\/index.php?rest_route=%2Fwp%2Fv2%2Fcomments&post=72959"}],"version-history":[{"count":0,"href":"https:\/\/ahoramasrd.com.do\/index.php?rest_route=\/wp\/v2\/posts\/72959\/revisions"}],"wp:featuredmedia":[{"embeddable":true,"href":"https:\/\/ahoramasrd.com.do\/index.php?rest_route=\/"}],"wp:attachment":[{"href":"https:\/\/ahoramasrd.com.do\/index.php?rest_route=%2Fwp%2Fv2%2Fmedia&parent=72959"}],"wp:term":[{"taxonomy":"category","embeddable":true,"href":"https:\/\/ahoramasrd.com.do\/index.php?rest_route=%2Fwp%2Fv2%2Fcategories&post=72959"},{"taxonomy":"post_tag","embeddable":true,"href":"https:\/\/ahoramasrd.com.do\/index.php?rest_route=%2Fwp%2Fv2%2Ftags&post=72959"}],"curies":[{"name":"wp","href":"https:\/\/api.w.org\/{rel}","templated":true}]}}