{"id":72962,"date":"2025-01-11T18:38:45","date_gmt":"2025-01-11T22:38:45","guid":{"rendered":"https:\/\/ahoramasrd.com.do\/?p=72962"},"modified":"2025-01-11T18:38:51","modified_gmt":"2025-01-11T22:38:51","slug":"maria-corina-machado-agradece-a-gabriel-boric-por-su-firme-postura-sobre-venezuela","status":"publish","type":"post","link":"https:\/\/ahoramasrd.com.do\/?p=72962","title":{"rendered":"Mar\u00eda Corina Machado agradece a Gabriel Boric por su firme postura sobre Venezuela"},"content":{"rendered":"\n<p>Mar\u00eda Corina Machado utiliz\u00f3 su cuenta en X (anteriormente Twitter) para expresar su agradecimiento al presidente de Chile, Gabriel Boric, y a su gobierno por su clara y contundente postura en defensa de la soberan\u00eda popular y la democracia en Venezuela.<\/p>\n\n\n\n<p>\u201cNuestro total agradecimiento al Presidente @GabrielBoric y al Gobierno de Chile por esta n\u00edtida y firme posici\u00f3n en defensa de la Soberan\u00eda Popular, la verdad y la democracia en Venezuela\u201d, escribi\u00f3 Machado.<\/p>\n\n\n\n<p>En su mensaje, destac\u00f3 la importancia de que los gobiernos democr\u00e1ticos del mundo act\u00faen de manera unida y decidida frente al r\u00e9gimen de Nicol\u00e1s Maduro. \u201cEs el momento de que todos los gobiernos democr\u00e1ticos del mundo act\u00faen unidos y con m\u00e1s determinaci\u00f3n que nunca\u201d, afirm\u00f3. Adem\u00e1s, subray\u00f3 que el r\u00e9gimen de Maduro se encuentra en una posici\u00f3n de aislamiento y vulnerabilidad sin precedentes: \u201cEl r\u00e9gimen nunca ha estado tan aislado y entrampado como hoy. Esto no tiene vuelta atr\u00e1s\u201d.<\/p>\n\n\n\n<p>El mensaje de Machado llega en un momento clave, tras las declaraciones del presidente Gabriel Boric durante un foro internacional, en las que calific\u00f3 al gobierno de Nicol\u00e1s Maduro como una dictadura. \u201cDesde la izquierda pol\u00edtica les digo que el gobierno de Nicol\u00e1s Maduro es una dictadura\u201d, afirm\u00f3 Boric, marcando una postura firme y clara que ha generado repercusi\u00f3n tanto en Venezuela como en la comunidad internacional.<\/p>\n\n\n\n<p>Un llamado a la unidad internacional<br>Machado, quien ha sido una de las voces m\u00e1s cr\u00edticas contra el r\u00e9gimen de Maduro, aprovech\u00f3 su mensaje para reiterar la necesidad de una acci\u00f3n conjunta por parte de los gobiernos democr\u00e1ticos del mundo. Seg\u00fan la dirigente, este es un momento decisivo en la lucha por la libertad de Venezuela.<\/p>\n\n\n\n<p>La declaraci\u00f3n de Boric representa un importante respaldo desde la izquierda pol\u00edtica latinoamericana, un sector que en ocasiones ha sido criticado por no condenar de manera expl\u00edcita al r\u00e9gimen venezolano. Con estas palabras, Boric se suma a otros l\u00edderes internacionales que han alzado su voz para exigir el respeto a los derechos humanos y la democracia en Venezuela.<\/p>\n\n\n\n<figure class=\"wp-block-embed is-type-rich is-provider-twitter wp-block-embed-twitter\"><div class=\"wp-block-embed__wrapper\">\n<blockquote class=\"twitter-tweet\" data-width=\"550\" data-dnt=\"true\"><p lang=\"es\" dir=\"ltr\">Nuestro total agradecimiento al Presidente <a href=\"https:\/\/twitter.com\/GabrielBoric?ref_src=twsrc%5Etfw\">@GabrielBoric<\/a> y al Gobierno de Chile por esta n\u00edtida y firme posici\u00f3n en defensa de la Soberan\u00eda Popular, la verdad y la democracia en Venezuela.<br><br>Es el momento de que todos los gobiernos democr\u00e1ticos del mundo act\u00faen unidos y con m\u00e1s\u2026 <a href=\"https:\/\/t.co\/9p81ndNPCp\">https:\/\/t.co\/9p81ndNPCp<\/a><\/p>&mdash; Mar\u00eda Corina Machado (@MariaCorinaYA) <a href=\"https:\/\/twitter.com\/MariaCorinaYA\/status\/1878179160260067723?ref_src=twsrc%5Etfw\">January 11, 2025<\/a><\/blockquote><script async src=\"https:\/\/platform.twitter.com\/widgets.js\" charset=\"utf-8\"><\/script>\n<\/div><\/figure>\n","protected":false},"excerpt":{"rendered":"<p>Mar\u00eda Corina Machado utiliz\u00f3 su cuenta en X (anteriormente Twitter) para expresar su agradecimiento al presidente de Chile, Gabriel Boric, y a su gobierno por su clara y contundente postura en defensa de la soberan\u00eda popular y la democracia en Venezuela. \u201cNuestro total agradecimiento al Presidente @GabrielBoric y al Gobierno de Chile por esta n\u00edtida [&hellip;]<\/p>\n","protected":false},"author":2,"featured_media":72963,"comment_status":"open","ping_status":"open","sticky":false,"template":"","format":"standard","meta":{"footnotes":""},"categories":[48],"tags":[845,58],"class_list":{"0":"post-72962","1":"post","2":"type-post","3":"status-publish","4":"format-standard","5":"has-post-thumbnail","7":"category-internacionales","8":"tag-ahora-mas-rd","9":"tag-republica-dominicana"},"aioseo_notices":[],"amp_enabled":true,"_links":{"self":[{"href":"https:\/\/ahoramasrd.com.do\/index.php?rest_route=\/wp\/v2\/posts\/72962","targetHints":{"allow":["GET"]}}],"collection":[{"href":"https:\/\/ahoramasrd.com.do\/index.php?rest_route=\/wp\/v2\/posts"}],"about":[{"href":"https:\/\/ahoramasrd.com.do\/index.php?rest_route=\/wp\/v2\/types\/post"}],"author":[{"embeddable":true,"href":"https:\/\/ahoramasrd.com.do\/index.php?rest_route=\/wp\/v2\/users\/2"}],"replies":[{"embeddable":true,"href":"https:\/\/ahoramasrd.com.do\/index.php?rest_route=%2Fwp%2Fv2%2Fcomments&post=72962"}],"version-history":[{"count":0,"href":"https:\/\/ahoramasrd.com.do\/index.php?rest_route=\/wp\/v2\/posts\/72962\/revisions"}],"wp:featuredmedia":[{"embeddable":true,"href":"https:\/\/ahoramasrd.com.do\/index.php?rest_route=\/"}],"wp:attachment":[{"href":"https:\/\/ahoramasrd.com.do\/index.php?rest_route=%2Fwp%2Fv2%2Fmedia&parent=72962"}],"wp:term":[{"taxonomy":"category","embeddable":true,"href":"https:\/\/ahoramasrd.com.do\/index.php?rest_route=%2Fwp%2Fv2%2Fcategories&post=72962"},{"taxonomy":"post_tag","embeddable":true,"href":"https:\/\/ahoramasrd.com.do\/index.php?rest_route=%2Fwp%2Fv2%2Ftags&post=72962"}],"curies":[{"name":"wp","href":"https:\/\/api.w.org\/{rel}","templated":true}]}}