{"id":72965,"date":"2025-01-11T21:34:02","date_gmt":"2025-01-12T01:34:02","guid":{"rendered":"https:\/\/ahoramasrd.com.do\/?p=72965"},"modified":"2025-01-11T21:34:09","modified_gmt":"2025-01-12T01:34:09","slug":"maduro-dice-que-se-prepara-con-cuba-y-nicaragua-para-tomar-las-armas-y-defender-la-paz","status":"publish","type":"post","link":"https:\/\/ahoramasrd.com.do\/?p=72965","title":{"rendered":"Maduro dice que se prepara con Cuba y Nicaragua para \"tomar las armas\" y defender la paz"},"content":{"rendered":"\n<p>Caracas, 11 ene (EFE).- El l\u00edder chavista Nicol\u00e1s Maduro, juramentado ayer en el Parlamento, controlado por el chavismo, como presidente para el periodo 2025-2031, avis\u00f3 este s\u00e1bado que Venezuela se prepara junto con Cuba y Nicaragua para \u201ctomar las armas\u201d, de ser necesario, con el fin de defender \u201cel derecho a la paz\u201d, y advirti\u00f3 que \u201cnadie se equivoque\u201d con el pa\u00eds suramericano.<\/p>\n\n\n\n<p>\u201cVenezuela se va preparando junto con Cuba, junto con Nicaragua, junto con nuestros hermanos mayores del mundo, para si alg\u00fan d\u00eda tenemos que tomar las armas para defender el derecho a la paz, el derecho a la soberan\u00eda y los derechos hist\u00f3ricos de nuestra patria\u201d, declar\u00f3 Maduro en la clausura del Festival Mundial Internacional Antifascista, convocado por el chavismo.<\/p>\n\n\n\n<p>Asimismo, el tambi\u00e9n presidente del Partido Socialista Unido de Venezuela (PSUV) llam\u00f3 durante el encuentro a la conformaci\u00f3n de una \u201cgran alianza mundial\u201d, como la que asegur\u00f3 se conform\u00f3 hace 80 a\u00f1os para avanzar en la derrota del \u201cfascismo\u201d<\/p>\n","protected":false},"excerpt":{"rendered":"<p>Caracas, 11 ene (EFE).- El l\u00edder chavista Nicol\u00e1s Maduro, juramentado ayer en el Parlamento, controlado por el chavismo, como presidente para el periodo 2025-2031, avis\u00f3 este s\u00e1bado que Venezuela se prepara junto con Cuba y Nicaragua para \u201ctomar las armas\u201d, de ser necesario, con el fin de defender \u201cel derecho a la paz\u201d, y advirti\u00f3 [&hellip;]<\/p>\n","protected":false},"author":2,"featured_media":72966,"comment_status":"open","ping_status":"open","sticky":false,"template":"","format":"standard","meta":{"footnotes":""},"categories":[48],"tags":[845,939,58],"class_list":{"0":"post-72965","1":"post","2":"type-post","3":"status-publish","4":"format-standard","5":"has-post-thumbnail","7":"category-internacionales","8":"tag-ahora-mas-rd","9":"tag-cada-minuto-una-verdad","10":"tag-republica-dominicana"},"aioseo_notices":[],"amp_enabled":true,"_links":{"self":[{"href":"https:\/\/ahoramasrd.com.do\/index.php?rest_route=\/wp\/v2\/posts\/72965","targetHints":{"allow":["GET"]}}],"collection":[{"href":"https:\/\/ahoramasrd.com.do\/index.php?rest_route=\/wp\/v2\/posts"}],"about":[{"href":"https:\/\/ahoramasrd.com.do\/index.php?rest_route=\/wp\/v2\/types\/post"}],"author":[{"embeddable":true,"href":"https:\/\/ahoramasrd.com.do\/index.php?rest_route=\/wp\/v2\/users\/2"}],"replies":[{"embeddable":true,"href":"https:\/\/ahoramasrd.com.do\/index.php?rest_route=%2Fwp%2Fv2%2Fcomments&post=72965"}],"version-history":[{"count":0,"href":"https:\/\/ahoramasrd.com.do\/index.php?rest_route=\/wp\/v2\/posts\/72965\/revisions"}],"wp:featuredmedia":[{"embeddable":true,"href":"https:\/\/ahoramasrd.com.do\/index.php?rest_route=\/"}],"wp:attachment":[{"href":"https:\/\/ahoramasrd.com.do\/index.php?rest_route=%2Fwp%2Fv2%2Fmedia&parent=72965"}],"wp:term":[{"taxonomy":"category","embeddable":true,"href":"https:\/\/ahoramasrd.com.do\/index.php?rest_route=%2Fwp%2Fv2%2Fcategories&post=72965"},{"taxonomy":"post_tag","embeddable":true,"href":"https:\/\/ahoramasrd.com.do\/index.php?rest_route=%2Fwp%2Fv2%2Ftags&post=72965"}],"curies":[{"name":"wp","href":"https:\/\/api.w.org\/{rel}","templated":true}]}}