{"id":72979,"date":"2025-01-12T16:20:59","date_gmt":"2025-01-12T20:20:59","guid":{"rendered":"https:\/\/ahoramasrd.com.do\/?p=72979"},"modified":"2025-01-12T16:21:13","modified_gmt":"2025-01-12T20:21:13","slug":"abinader-encabeza-inauguraciones-en-ciudad-juan-bosch-y-el-infotep-por-un-monto-superior-a-los-rd-794-millones","status":"publish","type":"post","link":"https:\/\/ahoramasrd.com.do\/?p=72979","title":{"rendered":"Abinader encabeza inauguraciones en Ciudad Juan Bosch y el INFOTEP por un monto superior a los RD$ 794 millones"},"content":{"rendered":"\n<p>El jefe de Estado inaugur\u00f3 Av. El Sembrador y Plaza Camino Real en Ciudad Juan Bosch; y la Red Unificada de la Formaci\u00f3n T\u00e9cnico Profesional del INFOTEP<\/p>\n\n\n\n<p>Santo Domingo. \u2013 Continuando con el crecimiento econ\u00f3mico, la cohesi\u00f3n social, la seguridad y el progreso del pa\u00eds, el presidente Luis Abinader dej\u00f3 inauguradas la Avenida El Sembrador (en su tramo desde la Avenida Ecol\u00f3gica hasta la Carretera Mella) y la Plaza Camino Real en la Ciudad Juan Bosch.<\/p>\n\n\n\n<p>Tambi\u00e9n fueron inauguradas las calles Muchacha de la Guaira, R\u00edo Verde, La Vega, Mancha Indeleble, Camino Real, Rotonda 5 y Paseo R\u00edo Verde.<\/p>\n\n\n\n<p>El viceministro de Proyectos de Inversi\u00f3n de la Presidencia, Camel Curi, inform\u00f3 que las obras inauguradas tienen una inversi\u00f3n superior a los 400 millones de pesos.<\/p>\n\n\n\n<p>Dentro de estas obras se construyeron aceras, contenes, red de alimentaci\u00f3n de agua potable, red de drenaje sanitario y pluvial, la red completa de electrificaci\u00f3n de estas v\u00edas y la interconexi\u00f3n de los proyectos habitacionales y comerciales construidos y a construir, con un impacto en las 25,000 familias.<\/p>\n\n\n\n<p>Curi tambi\u00e9n agreg\u00f3 que en alianza estrat\u00e9gica con el Fideicomiso VBC, este mismo a\u00f1o se iniciar\u00e1 la construcci\u00f3n de m\u00e1s de 8,000 viviendas como parte del Plan Nacional de Vivienda Familia Feliz.<\/p>\n\n\n\n<p>Inaugura Red Unificada de la Formaci\u00f3n T\u00e9cnico Profesional del INFOTEP<\/p>\n\n\n\n<p>Posteriormente, Abinader inaugur\u00f3 la Red Unificada de Formaci\u00f3n T\u00e9cnico Profesional del INFOTEP, una plataforma integrada que moderniza la infraestructura tecnol\u00f3gica y fortalece la formaci\u00f3n virtual, aline\u00e1ndola con las exigencias de la era digital y mejorando el desarrollo del talento humano en el pa\u00eds.<\/p>\n\n\n\n<p>La plataforma, la primera en el pa\u00eds de su clase, cuenta con un Centro de Datos, un Centro de Gesti\u00f3n y Monitoreo Unificado y un Centro de Operaciones de Redes y Circuito Cerrado de Televisi\u00f3n, haciendo de INFOTEP una instituci\u00f3n l\u00edder en tecnolog\u00eda en Centroam\u00e9rica y El Caribe.y<\/p>\n\n\n\n<p>El director general, Rafael Santos Bad\u00eda, destac\u00f3 que esta red, con una inversi\u00f3n de 394 millones de pesos, permite tener una visi\u00f3n clara del rendimiento acad\u00e9mico, los procesos educativos y la gesti\u00f3n de los centros de capacitaci\u00f3n.<\/p>\n\n\n\n<p>\u201cIgualmente, con estos campos inteligentes, aseguramos y protegemos lo que son nuestros instrumentos conectados, fortalecemos la ciberseguridad y nos preparamos para prevenir, contrarrestar, o derrotar cualquier ataque externo que pretenda invadir nuestras redes\u201d, detall\u00f3.<\/p>\n\n\n\n<p>De su lado, el presidente Abinader destac\u00f3 la importancia del INFOTEP para la formaci\u00f3n de j\u00f3venes y adultos a nivel nacional e internacional, colaborando con la mejora en los niveles de empleos del pa\u00eds.<\/p>\n\n\n\n<p>Simuladores<\/p>\n\n\n\n<p>Los simuladores fueron instalados en los centros de Haina y Santana, ayudando a aumentar y acelerar el conocimiento cient\u00edfico.<\/p>\n\n\n\n<p>Bad\u00eda cit\u00f3 simuladores sobre gr\u00faa portuaria y construcci\u00f3n, moto niveladora o greda, compactadora o rodillo, cami\u00f3n volteo de carga, as\u00ed como simuladores para log\u00edstica en almacenes, veh\u00edculos pesados y m\u00e1quina pesada, todos por un valor de 88 millones 193 mil 451.<\/p>\n","protected":false},"excerpt":{"rendered":"<p>El jefe de Estado inaugur\u00f3 Av. El Sembrador y Plaza Camino Real en Ciudad Juan Bosch; y la Red Unificada de la Formaci\u00f3n T\u00e9cnico Profesional del INFOTEP Santo Domingo. \u2013 Continuando con el crecimiento econ\u00f3mico, la cohesi\u00f3n social, la seguridad y el progreso del pa\u00eds, el presidente Luis Abinader dej\u00f3 inauguradas la Avenida El Sembrador [&hellip;]<\/p>\n","protected":false},"author":2,"featured_media":72980,"comment_status":"open","ping_status":"open","sticky":false,"template":"","format":"standard","meta":{"footnotes":""},"categories":[44],"tags":[845,939,58],"class_list":{"0":"post-72979","1":"post","2":"type-post","3":"status-publish","4":"format-standard","5":"has-post-thumbnail","7":"category-actualidad","8":"tag-ahora-mas-rd","9":"tag-cada-minuto-una-verdad","10":"tag-republica-dominicana"},"aioseo_notices":[],"amp_enabled":true,"_links":{"self":[{"href":"https:\/\/ahoramasrd.com.do\/index.php?rest_route=\/wp\/v2\/posts\/72979","targetHints":{"allow":["GET"]}}],"collection":[{"href":"https:\/\/ahoramasrd.com.do\/index.php?rest_route=\/wp\/v2\/posts"}],"about":[{"href":"https:\/\/ahoramasrd.com.do\/index.php?rest_route=\/wp\/v2\/types\/post"}],"author":[{"embeddable":true,"href":"https:\/\/ahoramasrd.com.do\/index.php?rest_route=\/wp\/v2\/users\/2"}],"replies":[{"embeddable":true,"href":"https:\/\/ahoramasrd.com.do\/index.php?rest_route=%2Fwp%2Fv2%2Fcomments&post=72979"}],"version-history":[{"count":0,"href":"https:\/\/ahoramasrd.com.do\/index.php?rest_route=\/wp\/v2\/posts\/72979\/revisions"}],"wp:featuredmedia":[{"embeddable":true,"href":"https:\/\/ahoramasrd.com.do\/index.php?rest_route=\/"}],"wp:attachment":[{"href":"https:\/\/ahoramasrd.com.do\/index.php?rest_route=%2Fwp%2Fv2%2Fmedia&parent=72979"}],"wp:term":[{"taxonomy":"category","embeddable":true,"href":"https:\/\/ahoramasrd.com.do\/index.php?rest_route=%2Fwp%2Fv2%2Fcategories&post=72979"},{"taxonomy":"post_tag","embeddable":true,"href":"https:\/\/ahoramasrd.com.do\/index.php?rest_route=%2Fwp%2Fv2%2Ftags&post=72979"}],"curies":[{"name":"wp","href":"https:\/\/api.w.org\/{rel}","templated":true}]}}