{"id":73006,"date":"2025-01-13T18:30:05","date_gmt":"2025-01-13T22:30:05","guid":{"rendered":"https:\/\/ahoramasrd.com.do\/?p=73006"},"modified":"2025-01-13T18:30:35","modified_gmt":"2025-01-13T22:30:35","slug":"gobierno-anuncia-inicio-de-cierre-tecnico-del-vertedero-de-duquesa","status":"publish","type":"post","link":"https:\/\/ahoramasrd.com.do\/?p=73006","title":{"rendered":"Gobierno anuncia inicio de cierre t\u00e9cnico del vertedero de Duquesa"},"content":{"rendered":"\n<p>El Gobierno dominicano anunci\u00f3 este lunes en LA Semanal, que este a\u00f1o se iniciar\u00e1 el cierre t\u00e9cnico del vertedero de Duquesa.<\/p>\n\n\n\n<p>Seg\u00fan explic\u00f3 el ministro de Medio Ambiente y Recursos Naturales, Pa\u00edno Henr\u00edquez, este es un proceso que tomar\u00e1 varios a\u00f1os, debido a la inmensidad del vertedero y cantidad de toneladas de desechos s\u00f3lidos que se depositan all\u00ed diariamente.<\/p>\n\n\n\n<p>Agreg\u00f3 que ya est\u00e1n trabajando con el dise\u00f1o de la estrategia, y destac\u00f3 como logro el hecho de que ya no se est\u00e9n produciendo incendios.<\/p>\n","protected":false},"excerpt":{"rendered":"<p>El Gobierno dominicano anunci\u00f3 este lunes en LA Semanal, que este a\u00f1o se iniciar\u00e1 el cierre t\u00e9cnico del vertedero de Duquesa. Seg\u00fan explic\u00f3 el ministro de Medio Ambiente y Recursos Naturales, Pa\u00edno Henr\u00edquez, este es un proceso que tomar\u00e1 varios a\u00f1os, debido a la inmensidad del vertedero y cantidad de toneladas de desechos s\u00f3lidos que [&hellip;]<\/p>\n","protected":false},"author":2,"featured_media":73007,"comment_status":"open","ping_status":"open","sticky":false,"template":"","format":"standard","meta":{"footnotes":""},"categories":[44],"tags":[845,939,58],"class_list":{"0":"post-73006","1":"post","2":"type-post","3":"status-publish","4":"format-standard","5":"has-post-thumbnail","7":"category-actualidad","8":"tag-ahora-mas-rd","9":"tag-cada-minuto-una-verdad","10":"tag-republica-dominicana"},"aioseo_notices":[],"amp_enabled":true,"_links":{"self":[{"href":"https:\/\/ahoramasrd.com.do\/index.php?rest_route=\/wp\/v2\/posts\/73006","targetHints":{"allow":["GET"]}}],"collection":[{"href":"https:\/\/ahoramasrd.com.do\/index.php?rest_route=\/wp\/v2\/posts"}],"about":[{"href":"https:\/\/ahoramasrd.com.do\/index.php?rest_route=\/wp\/v2\/types\/post"}],"author":[{"embeddable":true,"href":"https:\/\/ahoramasrd.com.do\/index.php?rest_route=\/wp\/v2\/users\/2"}],"replies":[{"embeddable":true,"href":"https:\/\/ahoramasrd.com.do\/index.php?rest_route=%2Fwp%2Fv2%2Fcomments&post=73006"}],"version-history":[{"count":0,"href":"https:\/\/ahoramasrd.com.do\/index.php?rest_route=\/wp\/v2\/posts\/73006\/revisions"}],"wp:featuredmedia":[{"embeddable":true,"href":"https:\/\/ahoramasrd.com.do\/index.php?rest_route=\/"}],"wp:attachment":[{"href":"https:\/\/ahoramasrd.com.do\/index.php?rest_route=%2Fwp%2Fv2%2Fmedia&parent=73006"}],"wp:term":[{"taxonomy":"category","embeddable":true,"href":"https:\/\/ahoramasrd.com.do\/index.php?rest_route=%2Fwp%2Fv2%2Fcategories&post=73006"},{"taxonomy":"post_tag","embeddable":true,"href":"https:\/\/ahoramasrd.com.do\/index.php?rest_route=%2Fwp%2Fv2%2Ftags&post=73006"}],"curies":[{"name":"wp","href":"https:\/\/api.w.org\/{rel}","templated":true}]}}