{"id":73010,"date":"2025-01-13T19:27:46","date_gmt":"2025-01-13T23:27:46","guid":{"rendered":"https:\/\/ahoramasrd.com.do\/?p=73010"},"modified":"2025-01-13T19:27:54","modified_gmt":"2025-01-13T23:27:54","slug":"el-mp-solicita-medida-de-coercion-a-siete-de-los-implicados-en-operacion-panthera-7","status":"publish","type":"post","link":"https:\/\/ahoramasrd.com.do\/?p=73010","title":{"rendered":"El MP solicita medida de coerci\u00f3n a siete de los implicados en Operaci\u00f3n Panthera 7"},"content":{"rendered":"\n<p>Santo Domingo.- El Ministerio P\u00fablico (MP), entrg\u00f3 ante la Oficina de Atenci\u00f3n Permanente de Santo Domingo Este, la solicitud de medida de coerci\u00f3n en contra siete de los implicados en Operaci\u00f3n Panthera 7.<\/p>\n\n\n\n<p>El procurador fiscal de Santo Domingo Este, Milc\u00edades Guzm\u00e1n, quien encabez\u00f3 la entrega de la solicitud, pidi\u00f3 que el caso sea declarado complejo, contra los vinculados al decomiso de 9.8 toneladas de coca\u00edna que fueron ocupadas en el Puerto Multimodal de Caucedo el pasado 5 de diciembre.<\/p>\n\n\n\n<p>El tribunal fij\u00f3 para el martes 14 del presente mes a las 9:00 de la ma\u00f1ana en el Palacio de Justicia de la avenida Charles de Gaulle en Santo Domingo Este el conocimiento de la medida. Hasta el momento, todos los imputados guardan prisi\u00f3n en la c\u00e1rcel de San Luis.<\/p>\n\n\n\n<p>Guzm\u00e1n no ofreci\u00f3 los nombres de los relacionados, se\u00f1alando que se trata de un caso complejo que est\u00e1 menejando directamente la directora de Persecuci\u00f3n de la Procuradur\u00eda General de la Rep\u00fablica Dominicana, Yeni Berenice Reynoso.<\/p>\n","protected":false},"excerpt":{"rendered":"<p>Santo Domingo.- El Ministerio P\u00fablico (MP), entrg\u00f3 ante la Oficina de Atenci\u00f3n Permanente de Santo Domingo Este, la solicitud de medida de coerci\u00f3n en contra siete de los implicados en Operaci\u00f3n Panthera 7. El procurador fiscal de Santo Domingo Este, Milc\u00edades Guzm\u00e1n, quien encabez\u00f3 la entrega de la solicitud, pidi\u00f3 que el caso sea declarado [&hellip;]<\/p>\n","protected":false},"author":2,"featured_media":73011,"comment_status":"open","ping_status":"open","sticky":false,"template":"","format":"standard","meta":{"footnotes":""},"categories":[44],"tags":[845,939,58],"class_list":{"0":"post-73010","1":"post","2":"type-post","3":"status-publish","4":"format-standard","5":"has-post-thumbnail","7":"category-actualidad","8":"tag-ahora-mas-rd","9":"tag-cada-minuto-una-verdad","10":"tag-republica-dominicana"},"aioseo_notices":[],"amp_enabled":true,"_links":{"self":[{"href":"https:\/\/ahoramasrd.com.do\/index.php?rest_route=\/wp\/v2\/posts\/73010","targetHints":{"allow":["GET"]}}],"collection":[{"href":"https:\/\/ahoramasrd.com.do\/index.php?rest_route=\/wp\/v2\/posts"}],"about":[{"href":"https:\/\/ahoramasrd.com.do\/index.php?rest_route=\/wp\/v2\/types\/post"}],"author":[{"embeddable":true,"href":"https:\/\/ahoramasrd.com.do\/index.php?rest_route=\/wp\/v2\/users\/2"}],"replies":[{"embeddable":true,"href":"https:\/\/ahoramasrd.com.do\/index.php?rest_route=%2Fwp%2Fv2%2Fcomments&post=73010"}],"version-history":[{"count":0,"href":"https:\/\/ahoramasrd.com.do\/index.php?rest_route=\/wp\/v2\/posts\/73010\/revisions"}],"wp:featuredmedia":[{"embeddable":true,"href":"https:\/\/ahoramasrd.com.do\/index.php?rest_route=\/"}],"wp:attachment":[{"href":"https:\/\/ahoramasrd.com.do\/index.php?rest_route=%2Fwp%2Fv2%2Fmedia&parent=73010"}],"wp:term":[{"taxonomy":"category","embeddable":true,"href":"https:\/\/ahoramasrd.com.do\/index.php?rest_route=%2Fwp%2Fv2%2Fcategories&post=73010"},{"taxonomy":"post_tag","embeddable":true,"href":"https:\/\/ahoramasrd.com.do\/index.php?rest_route=%2Fwp%2Fv2%2Ftags&post=73010"}],"curies":[{"name":"wp","href":"https:\/\/api.w.org\/{rel}","templated":true}]}}