{"id":73024,"date":"2025-01-16T20:22:25","date_gmt":"2025-01-17T00:22:25","guid":{"rendered":"https:\/\/ahoramasrd.com.do\/?p=73024"},"modified":"2025-01-16T20:23:34","modified_gmt":"2025-01-17T00:23:34","slug":"digecog-capacita-a-250-tecnicos-de-hospitales-publicos-en-contabilidad-gubernamental","status":"publish","type":"post","link":"https:\/\/ahoramasrd.com.do\/?p=73024","title":{"rendered":"Digecog capacita a 250 t\u00e9cnicos de hospitales p\u00fablicos en contabilidad gubernamental"},"content":{"rendered":"\n<p>La Direcci\u00f3n General de Contabilidad Gubernamental (Digecog) realiz\u00f3 el taller \u201cOrganizaci\u00f3n del Sistema de Contabilidad en los Hospitales de No Autogesti\u00f3n\u201d, en el que participaron 250 t\u00e9cnicos del \u00e1rea financiera de los hospitales p\u00fablicos.<\/p>\n\n\n\n<p>El evento cont\u00f3 con la presencia del director ejecutivo del Servicio Nacional de Salud (SNS), Mario Lama, y el director general de Digecog, R\u00f3mulo Arias Moscat, quienes resaltaron la importancia de fortalecer la gesti\u00f3n financiera en los centros de salud.<\/p>\n\n\n\n<p>Arias Moscat motiv\u00f3 a los participantes a realizar registros contables con apego a criterios legales y \u00e9ticos, destacando que la transparencia en los estados financieros es clave para una correcta toma de decisiones.<\/p>\n\n\n\n<p>Durante la capacitaci\u00f3n, Wandy Hierro, director de Procesamiento Contable y Estados Financieros de Digecog, expuso sobre la historia de los estados financieros y la relevancia del flujo de informaci\u00f3n en la consolidaci\u00f3n de datos. Tambi\u00e9n se abordaron temas como el reconocimiento y registro de activos, pasivos y patrimonio, el Sistema de Administraci\u00f3n de Bienes y la elaboraci\u00f3n de estados financieros conforme a las Normas Internacionales de Contabilidad para el Sector P\u00fablico (NICSP).<\/p>\n\n\n\n<p>Los contenidos fueron impartidos por los capacitadores del Departamento de Consolidaci\u00f3n: Carolina F\u00e9liz, Salvador Mora, Miguelina De \u00d3leo y Zuniel De la Cruz.<\/p>\n\n\n\n<p>Con esta iniciativa, Digecog reafirma su compromiso con la transparencia, la eficiencia y el fortalecimiento de la gesti\u00f3n financiera en los hospitales p\u00fablicos bajo la cobertura del SNS.<\/p>\n","protected":false},"excerpt":{"rendered":"<p>La Direcci\u00f3n General de Contabilidad Gubernamental (Digecog) realiz\u00f3 el taller \u201cOrganizaci\u00f3n del Sistema de Contabilidad en los Hospitales de No Autogesti\u00f3n\u201d, en el que participaron 250 t\u00e9cnicos del \u00e1rea financiera de los hospitales p\u00fablicos. El evento cont\u00f3 con la presencia del director ejecutivo del Servicio Nacional de Salud (SNS), Mario Lama, y el director general [&hellip;]<\/p>\n","protected":false},"author":2,"featured_media":73025,"comment_status":"open","ping_status":"open","sticky":false,"template":"","format":"standard","meta":{"footnotes":""},"categories":[44],"tags":[845,939,58],"class_list":{"0":"post-73024","1":"post","2":"type-post","3":"status-publish","4":"format-standard","5":"has-post-thumbnail","7":"category-actualidad","8":"tag-ahora-mas-rd","9":"tag-cada-minuto-una-verdad","10":"tag-republica-dominicana"},"aioseo_notices":[],"amp_enabled":true,"_links":{"self":[{"href":"https:\/\/ahoramasrd.com.do\/index.php?rest_route=\/wp\/v2\/posts\/73024","targetHints":{"allow":["GET"]}}],"collection":[{"href":"https:\/\/ahoramasrd.com.do\/index.php?rest_route=\/wp\/v2\/posts"}],"about":[{"href":"https:\/\/ahoramasrd.com.do\/index.php?rest_route=\/wp\/v2\/types\/post"}],"author":[{"embeddable":true,"href":"https:\/\/ahoramasrd.com.do\/index.php?rest_route=\/wp\/v2\/users\/2"}],"replies":[{"embeddable":true,"href":"https:\/\/ahoramasrd.com.do\/index.php?rest_route=%2Fwp%2Fv2%2Fcomments&post=73024"}],"version-history":[{"count":0,"href":"https:\/\/ahoramasrd.com.do\/index.php?rest_route=\/wp\/v2\/posts\/73024\/revisions"}],"wp:featuredmedia":[{"embeddable":true,"href":"https:\/\/ahoramasrd.com.do\/index.php?rest_route=\/"}],"wp:attachment":[{"href":"https:\/\/ahoramasrd.com.do\/index.php?rest_route=%2Fwp%2Fv2%2Fmedia&parent=73024"}],"wp:term":[{"taxonomy":"category","embeddable":true,"href":"https:\/\/ahoramasrd.com.do\/index.php?rest_route=%2Fwp%2Fv2%2Fcategories&post=73024"},{"taxonomy":"post_tag","embeddable":true,"href":"https:\/\/ahoramasrd.com.do\/index.php?rest_route=%2Fwp%2Fv2%2Ftags&post=73024"}],"curies":[{"name":"wp","href":"https:\/\/api.w.org\/{rel}","templated":true}]}}