{"id":73031,"date":"2025-01-17T17:12:34","date_gmt":"2025-01-17T21:12:34","guid":{"rendered":"https:\/\/ahoramasrd.com.do\/?p=73031"},"modified":"2025-01-17T17:12:42","modified_gmt":"2025-01-17T21:12:42","slug":"republica-dominicana-celebra-cese-al-fuego-en-gaza-y-liberacion-de-rehenes","status":"publish","type":"post","link":"https:\/\/ahoramasrd.com.do\/?p=73031","title":{"rendered":"Rep\u00fablica Dominicana celebra cese al fuego en Gaza y liberaci\u00f3n de rehenes"},"content":{"rendered":"\n<p>El canciller dominicano, Roberto \u00c1lvarez, expres\u00f3 el respaldo de Rep\u00fablica Dominicana al acuerdo de alto el fuego alcanzado este mi\u00e9rcoles entre el gobierno de Israel y el grupo militante palestino Ham\u00e1s, destacando que la inminente liberaci\u00f3n de los rehenes es un paso crucial hacia la paz y estabilidad en la regi\u00f3n.<\/p>\n\n\n\n<p>\u00c1lvarez exhort\u00f3 a ambas partes a mantener el di\u00e1logo, facilitar el ingreso de ayuda humanitaria y buscar una soluci\u00f3n duradera al conflicto.<\/p>\n\n\n\n<p>El acuerdo, resultado de meses de negociaciones mediadas por Qatar, Egipto y Estados Unidos, establece que Ham\u00e1s entregar\u00e1 a rehenes israel\u00edes a cambio de prisioneros palestinos.<\/p>\n\n\n\n<p>En los \u00faltimos 15 meses, m\u00e1s de 45,000 personas han muerto en Gaza debido a los ataques israel\u00edes.<\/p>\n","protected":false},"excerpt":{"rendered":"<p>El canciller dominicano, Roberto \u00c1lvarez, expres\u00f3 el respaldo de Rep\u00fablica Dominicana al acuerdo de alto el fuego alcanzado este mi\u00e9rcoles entre el gobierno de Israel y el grupo militante palestino Ham\u00e1s, destacando que la inminente liberaci\u00f3n de los rehenes es un paso crucial hacia la paz y estabilidad en la regi\u00f3n. \u00c1lvarez exhort\u00f3 a ambas [&hellip;]<\/p>\n","protected":false},"author":2,"featured_media":73032,"comment_status":"open","ping_status":"open","sticky":false,"template":"","format":"standard","meta":{"footnotes":""},"categories":[44],"tags":[845,939,58],"class_list":{"0":"post-73031","1":"post","2":"type-post","3":"status-publish","4":"format-standard","5":"has-post-thumbnail","7":"category-actualidad","8":"tag-ahora-mas-rd","9":"tag-cada-minuto-una-verdad","10":"tag-republica-dominicana"},"aioseo_notices":[],"amp_enabled":true,"_links":{"self":[{"href":"https:\/\/ahoramasrd.com.do\/index.php?rest_route=\/wp\/v2\/posts\/73031","targetHints":{"allow":["GET"]}}],"collection":[{"href":"https:\/\/ahoramasrd.com.do\/index.php?rest_route=\/wp\/v2\/posts"}],"about":[{"href":"https:\/\/ahoramasrd.com.do\/index.php?rest_route=\/wp\/v2\/types\/post"}],"author":[{"embeddable":true,"href":"https:\/\/ahoramasrd.com.do\/index.php?rest_route=\/wp\/v2\/users\/2"}],"replies":[{"embeddable":true,"href":"https:\/\/ahoramasrd.com.do\/index.php?rest_route=%2Fwp%2Fv2%2Fcomments&post=73031"}],"version-history":[{"count":0,"href":"https:\/\/ahoramasrd.com.do\/index.php?rest_route=\/wp\/v2\/posts\/73031\/revisions"}],"wp:featuredmedia":[{"embeddable":true,"href":"https:\/\/ahoramasrd.com.do\/index.php?rest_route=\/"}],"wp:attachment":[{"href":"https:\/\/ahoramasrd.com.do\/index.php?rest_route=%2Fwp%2Fv2%2Fmedia&parent=73031"}],"wp:term":[{"taxonomy":"category","embeddable":true,"href":"https:\/\/ahoramasrd.com.do\/index.php?rest_route=%2Fwp%2Fv2%2Fcategories&post=73031"},{"taxonomy":"post_tag","embeddable":true,"href":"https:\/\/ahoramasrd.com.do\/index.php?rest_route=%2Fwp%2Fv2%2Ftags&post=73031"}],"curies":[{"name":"wp","href":"https:\/\/api.w.org\/{rel}","templated":true}]}}