{"id":73034,"date":"2025-01-17T17:35:35","date_gmt":"2025-01-17T21:35:35","guid":{"rendered":"https:\/\/ahoramasrd.com.do\/?p=73034"},"modified":"2025-01-17T17:35:39","modified_gmt":"2025-01-17T21:35:39","slug":"yeni-berenice-lidera-preferencia-de-ciudadanos-para-que-sea-escogida-procuradora-general-de-rd","status":"publish","type":"post","link":"https:\/\/ahoramasrd.com.do\/?p=73034","title":{"rendered":"Yeni Berenice lidera preferencia de ciudadanos para que sea escogida Procuradora General de RD"},"content":{"rendered":"\n<p>Santo Domingo.- La pr\u00f3xima designaci\u00f3n del Procurador General de la Rep\u00fablica ha generado un intenso debate entre los ciudadanos, quienes ya expresan sus preferencias en torno a posibles candidatos como Yeni Berenice Reynoso, Guillermo Moreno, Milton Ray Guevara, Jorge Subero Isa y Aura Celeste Fern\u00e1ndez.<\/p>\n\n\n\n<p>De acuerdo con las opiniones recopiladas, Yeni Berenice Reynoso lidera las menciones por su destacada trayectoria y su incansable labor en los \u00faltimos a\u00f1os. \u201cElla siempre est\u00e1 del lado del pueblo y se ha fajado en los casos m\u00e1s importantes. Se merece la Procuradur\u00eda\u201d, expres\u00f3 un ciudadano identificado como Santos Joseph.<\/p>\n\n\n\n<p>Esta opini\u00f3n fue compartida por Andr\u00e9s Pati\u00f1o, quien afirm\u00f3: \u201cYeni tiene toda la experiencia y ha demostrado su capacidad en los \u00faltimos cuatro a\u00f1os\u201d.<\/p>\n\n\n\n<p>Por otro lado, algunos de los consultados ven en Subero Isa una figura con experiencia para asumir el cargo. \u201cSu desempe\u00f1o anterior fue excelente, y su experiencia lo hace ideal para este puesto\u201d, coment\u00f3 el licenciado Celestino Contreras.<\/p>\n\n\n\n<p>Milton Ray Guevara tambi\u00e9n ha sido mencionado como una opci\u00f3n s\u00f3lida. \u201cEs un hombre de gran trayectoria, tanto en el \u00e1mbito p\u00fablico como privado, y siempre ha demostrado seriedad en su trabajo\u201d, destac\u00f3 Bartolo Sol\u00eds Luciano, abogado.<\/p>\n\n\n\n<p>Aunque otros nombres como Guillermo Moreno, quien sirvi\u00f3 como Procurador Fiscal del Distrito Nacional en el periodo 1996-1997 y Aura Celeste Fern\u00e1ndez, quien estuvo en la coordinaci\u00f3n del Comisionado de Apoyo a la Reforma y Modernizaci\u00f3n de la Justicia de 1997-2000, adem\u00e1s como jueza y miembro titular de la Junta Central Electoral, son parte de las buenas opciones.<\/p>\n\n\n\n<p>El presidente Luis Abinader propondr\u00e1 ante el Consejo Nacional de la Magistratura (CNM) su candidato o candidata a procurador general de la Rep\u00fablica, en sustituci\u00f3n de Miriam Germ\u00e1n Brito. A partir de la presentaci\u00f3n de los candidatos, el organismo podr\u00e1 realizar hasta tres reuniones posteriores para agotar el proceso de las designaciones correspondientes.<\/p>\n","protected":false},"excerpt":{"rendered":"<p>Santo Domingo.- La pr\u00f3xima designaci\u00f3n del Procurador General de la Rep\u00fablica ha generado un intenso debate entre los ciudadanos, quienes ya expresan sus preferencias en torno a posibles candidatos como Yeni Berenice Reynoso, Guillermo Moreno, Milton Ray Guevara, Jorge Subero Isa y Aura Celeste Fern\u00e1ndez. De acuerdo con las opiniones recopiladas, Yeni Berenice Reynoso lidera [&hellip;]<\/p>\n","protected":false},"author":2,"featured_media":73035,"comment_status":"open","ping_status":"open","sticky":false,"template":"","format":"standard","meta":{"footnotes":""},"categories":[44],"tags":[845,939,58],"class_list":{"0":"post-73034","1":"post","2":"type-post","3":"status-publish","4":"format-standard","5":"has-post-thumbnail","7":"category-actualidad","8":"tag-ahora-mas-rd","9":"tag-cada-minuto-una-verdad","10":"tag-republica-dominicana"},"aioseo_notices":[],"amp_enabled":true,"_links":{"self":[{"href":"https:\/\/ahoramasrd.com.do\/index.php?rest_route=\/wp\/v2\/posts\/73034","targetHints":{"allow":["GET"]}}],"collection":[{"href":"https:\/\/ahoramasrd.com.do\/index.php?rest_route=\/wp\/v2\/posts"}],"about":[{"href":"https:\/\/ahoramasrd.com.do\/index.php?rest_route=\/wp\/v2\/types\/post"}],"author":[{"embeddable":true,"href":"https:\/\/ahoramasrd.com.do\/index.php?rest_route=\/wp\/v2\/users\/2"}],"replies":[{"embeddable":true,"href":"https:\/\/ahoramasrd.com.do\/index.php?rest_route=%2Fwp%2Fv2%2Fcomments&post=73034"}],"version-history":[{"count":0,"href":"https:\/\/ahoramasrd.com.do\/index.php?rest_route=\/wp\/v2\/posts\/73034\/revisions"}],"wp:featuredmedia":[{"embeddable":true,"href":"https:\/\/ahoramasrd.com.do\/index.php?rest_route=\/"}],"wp:attachment":[{"href":"https:\/\/ahoramasrd.com.do\/index.php?rest_route=%2Fwp%2Fv2%2Fmedia&parent=73034"}],"wp:term":[{"taxonomy":"category","embeddable":true,"href":"https:\/\/ahoramasrd.com.do\/index.php?rest_route=%2Fwp%2Fv2%2Fcategories&post=73034"},{"taxonomy":"post_tag","embeddable":true,"href":"https:\/\/ahoramasrd.com.do\/index.php?rest_route=%2Fwp%2Fv2%2Ftags&post=73034"}],"curies":[{"name":"wp","href":"https:\/\/api.w.org\/{rel}","templated":true}]}}