{"id":73037,"date":"2025-01-17T19:33:31","date_gmt":"2025-01-17T23:33:31","guid":{"rendered":"https:\/\/ahoramasrd.com.do\/?p=73037"},"modified":"2025-01-17T19:33:39","modified_gmt":"2025-01-17T23:33:39","slug":"fiscalia-solicita-prision-preventiva-contra-odontologo-por-agresion-sexual-en-san-francisco-de-macoris","status":"publish","type":"post","link":"https:\/\/ahoramasrd.com.do\/?p=73037","title":{"rendered":"Fiscal\u00eda solicita prisi\u00f3n preventiva contra odont\u00f3logo por agresi\u00f3n sexual en San Francisco de Macor\u00eds"},"content":{"rendered":"\n<p>San Francisco de Macor\u00eds. \u2013 La fiscal titular de la provincia Duarte, Smaily Rodr\u00edguez, inform\u00f3 que el Ministerio P\u00fablico ha solicitado medida de coerci\u00f3n consistente en prisi\u00f3n preventiva tanto para el odont\u00f3logo Luis Bol\u00edvar Rodr\u00edguez Genao, acusado de agresi\u00f3n sexual contra una menor de 13 a\u00f1os, como para la madre de la v\u00edctima, Jennifer Altagracia Loveras Ortiz, por presunta complicidad en el caso.<\/p>\n\n\n\n<p>Rodr\u00edguez destac\u00f3 la gravedad de los hechos y se\u00f1al\u00f3 que este tipo de situaciones requiere la colaboraci\u00f3n de la ciudadan\u00eda y testigos para identificar y detener a los agresores. \u00ab<\/p>\n\n\n\n<p>\u00abEs fundamental que las v\u00edctimas, los testigos y la sociedad en general realicen llamados de alerta para prevenir y combatir este tipo de delitos\u00bb, expres\u00f3 la fiscal.<\/p>\n\n\n\n<p>El caso, que ha generado conmoci\u00f3n en la comunidad, contin\u00faa bajo investigaci\u00f3n.<\/p>\n\n\n\n<p>Las autoridades recalcaron su compromiso de garantizar justicia para la menor y proteger sus derechos en el marco del proceso judicial.<\/p>\n","protected":false},"excerpt":{"rendered":"<p>San Francisco de Macor\u00eds. \u2013 La fiscal titular de la provincia Duarte, Smaily Rodr\u00edguez, inform\u00f3 que el Ministerio P\u00fablico ha solicitado medida de coerci\u00f3n consistente en prisi\u00f3n preventiva tanto para el odont\u00f3logo Luis Bol\u00edvar Rodr\u00edguez Genao, acusado de agresi\u00f3n sexual contra una menor de 13 a\u00f1os, como para la madre de la v\u00edctima, Jennifer Altagracia [&hellip;]<\/p>\n","protected":false},"author":2,"featured_media":73039,"comment_status":"open","ping_status":"open","sticky":false,"template":"","format":"standard","meta":{"footnotes":""},"categories":[44],"tags":[845,939,58],"class_list":{"0":"post-73037","1":"post","2":"type-post","3":"status-publish","4":"format-standard","5":"has-post-thumbnail","7":"category-actualidad","8":"tag-ahora-mas-rd","9":"tag-cada-minuto-una-verdad","10":"tag-republica-dominicana"},"aioseo_notices":[],"amp_enabled":true,"_links":{"self":[{"href":"https:\/\/ahoramasrd.com.do\/index.php?rest_route=\/wp\/v2\/posts\/73037","targetHints":{"allow":["GET"]}}],"collection":[{"href":"https:\/\/ahoramasrd.com.do\/index.php?rest_route=\/wp\/v2\/posts"}],"about":[{"href":"https:\/\/ahoramasrd.com.do\/index.php?rest_route=\/wp\/v2\/types\/post"}],"author":[{"embeddable":true,"href":"https:\/\/ahoramasrd.com.do\/index.php?rest_route=\/wp\/v2\/users\/2"}],"replies":[{"embeddable":true,"href":"https:\/\/ahoramasrd.com.do\/index.php?rest_route=%2Fwp%2Fv2%2Fcomments&post=73037"}],"version-history":[{"count":0,"href":"https:\/\/ahoramasrd.com.do\/index.php?rest_route=\/wp\/v2\/posts\/73037\/revisions"}],"wp:featuredmedia":[{"embeddable":true,"href":"https:\/\/ahoramasrd.com.do\/index.php?rest_route=\/"}],"wp:attachment":[{"href":"https:\/\/ahoramasrd.com.do\/index.php?rest_route=%2Fwp%2Fv2%2Fmedia&parent=73037"}],"wp:term":[{"taxonomy":"category","embeddable":true,"href":"https:\/\/ahoramasrd.com.do\/index.php?rest_route=%2Fwp%2Fv2%2Fcategories&post=73037"},{"taxonomy":"post_tag","embeddable":true,"href":"https:\/\/ahoramasrd.com.do\/index.php?rest_route=%2Fwp%2Fv2%2Ftags&post=73037"}],"curies":[{"name":"wp","href":"https:\/\/api.w.org\/{rel}","templated":true}]}}