{"id":73057,"date":"2025-01-20T18:58:31","date_gmt":"2025-01-20T22:58:31","guid":{"rendered":"https:\/\/ahoramasrd.com.do\/?p=73057"},"modified":"2025-01-20T18:58:33","modified_gmt":"2025-01-20T22:58:33","slug":"ogtic-aclara-proceso-de-seleccion-para-instalacion-de-punto-gob-y-rechaza-informaciones-incorrectas","status":"publish","type":"post","link":"https:\/\/ahoramasrd.com.do\/?p=73057","title":{"rendered":"OGTIC aclara proceso de selecci\u00f3n para instalaci\u00f3n de Punto GOB y rechaza informaciones incorrectas"},"content":{"rendered":"\n<p>telegram sharing button Compartirwhatsapp sharing button Compartir<br>Santo Domingo \u2013 La Oficina Gubernamental de Tecnolog\u00edas de la Informaci\u00f3n y Comunicaci\u00f3n (OGTIC) aclar\u00f3 este lunes 20 de enero de 2025 que el proceso de selecci\u00f3n para la instalaci\u00f3n de un Punto GOB fue cancelado sin la firma de un contrato ni desembolso econ\u00f3mico, desmintiendo afirmaciones que calific\u00f3 de infundadas.<\/p>\n\n\n\n<p>Seg\u00fan un comunicado, el proceso inici\u00f3 con un estudio de mercado que identific\u00f3 dos plazas comerciales con las condiciones necesarias y permiti\u00f3 la participaci\u00f3n de hasta cinco oferentes, negando que se tratara de una adjudicaci\u00f3n directa. Adem\u00e1s, se verific\u00f3 el t\u00edtulo del inmueble seleccionado, confirmando que pertenece a un fideicomiso sin participaci\u00f3n de funcionarios p\u00fablicos.<\/p>\n\n\n\n<p>OGTIC explic\u00f3 que una convocatoria similar en diciembre de 2023 qued\u00f3 desierta, y en este caso, el oferente seleccionado renunci\u00f3 tras no poder cumplir con el plazo de entrega en diciembre de 2024, ya que su cronograma proyectaba la finalizaci\u00f3n en marzo de 2025.<\/p>\n\n\n\n<p>La instituci\u00f3n reafirm\u00f3 su compromiso con la transparencia y el uso responsable de los recursos p\u00fablicos, advirtiendo que las informaciones incorrectas generan desinformaci\u00f3n y buscan desacreditar su labor.<\/p>\n","protected":false},"excerpt":{"rendered":"<p>telegram sharing button Compartirwhatsapp sharing button CompartirSanto Domingo \u2013 La Oficina Gubernamental de Tecnolog\u00edas de la Informaci\u00f3n y Comunicaci\u00f3n (OGTIC) aclar\u00f3 este lunes 20 de enero de 2025 que el proceso de selecci\u00f3n para la instalaci\u00f3n de un Punto GOB fue cancelado sin la firma de un contrato ni desembolso econ\u00f3mico, desmintiendo afirmaciones que calific\u00f3 [&hellip;]<\/p>\n","protected":false},"author":2,"featured_media":73058,"comment_status":"open","ping_status":"open","sticky":false,"template":"","format":"standard","meta":{"footnotes":""},"categories":[44],"tags":[845,939,58],"class_list":{"0":"post-73057","1":"post","2":"type-post","3":"status-publish","4":"format-standard","5":"has-post-thumbnail","7":"category-actualidad","8":"tag-ahora-mas-rd","9":"tag-cada-minuto-una-verdad","10":"tag-republica-dominicana"},"aioseo_notices":[],"amp_enabled":true,"_links":{"self":[{"href":"https:\/\/ahoramasrd.com.do\/index.php?rest_route=\/wp\/v2\/posts\/73057","targetHints":{"allow":["GET"]}}],"collection":[{"href":"https:\/\/ahoramasrd.com.do\/index.php?rest_route=\/wp\/v2\/posts"}],"about":[{"href":"https:\/\/ahoramasrd.com.do\/index.php?rest_route=\/wp\/v2\/types\/post"}],"author":[{"embeddable":true,"href":"https:\/\/ahoramasrd.com.do\/index.php?rest_route=\/wp\/v2\/users\/2"}],"replies":[{"embeddable":true,"href":"https:\/\/ahoramasrd.com.do\/index.php?rest_route=%2Fwp%2Fv2%2Fcomments&post=73057"}],"version-history":[{"count":0,"href":"https:\/\/ahoramasrd.com.do\/index.php?rest_route=\/wp\/v2\/posts\/73057\/revisions"}],"wp:featuredmedia":[{"embeddable":true,"href":"https:\/\/ahoramasrd.com.do\/index.php?rest_route=\/"}],"wp:attachment":[{"href":"https:\/\/ahoramasrd.com.do\/index.php?rest_route=%2Fwp%2Fv2%2Fmedia&parent=73057"}],"wp:term":[{"taxonomy":"category","embeddable":true,"href":"https:\/\/ahoramasrd.com.do\/index.php?rest_route=%2Fwp%2Fv2%2Fcategories&post=73057"},{"taxonomy":"post_tag","embeddable":true,"href":"https:\/\/ahoramasrd.com.do\/index.php?rest_route=%2Fwp%2Fv2%2Ftags&post=73057"}],"curies":[{"name":"wp","href":"https:\/\/api.w.org\/{rel}","templated":true}]}}