{"id":73073,"date":"2025-01-20T22:13:37","date_gmt":"2025-01-21T02:13:37","guid":{"rendered":"https:\/\/ahoramasrd.com.do\/?p=73073"},"modified":"2025-01-20T22:13:38","modified_gmt":"2025-01-21T02:13:38","slug":"canciller-cubano-asegura-trump-no-tiene-razones-para-colocar-a-cuba-en-lista-de-paises-terroristas","status":"publish","type":"post","link":"https:\/\/ahoramasrd.com.do\/?p=73073","title":{"rendered":"Canciller cubano asegura Trump no tiene razones para colocar a Cuba en lista de pa\u00edses terroristas"},"content":{"rendered":"\n<p>El canciller de Cuba, Bruno Rodr\u00edguez, rechaz\u00f3 la decisi\u00f3n del expresidente de Estados Unidos, Donald Trump, de restablecer la designaci\u00f3n de la isla como estado patrocinador del terrorismo. A trav\u00e9s de su cuenta en la red social X, calific\u00f3 la medida como un acto de arrogancia y falsedad.<\/p>\n\n\n\n<p>\u201cEbrio de arrogancia, el presidente Trump decide sin razones que Cuba patrocina el terrorismo. Sabe que miente. Su empe\u00f1o es incrementar el castigo y la guerra econ\u00f3mica contra las familias cubanas. Causar\u00e1 da\u00f1o, pero no doblegar\u00e1 la firme determinaci\u00f3n de nuestro pueblo. Venceremos\u201d, escribi\u00f3 Rodr\u00edguez.<\/p>\n\n\n\n<p>El presidente cubano, Miguel D\u00edaz-Canel, tambi\u00e9n reaccion\u00f3 con fuertes cr\u00edticas a la decisi\u00f3n de Trump. \u201cEn acto de arrogancia y desprecio por la verdad, acaba de restablecer la fraudulenta designaci\u00f3n de Cuba como estado patrocinador del terrorismo. No sorprende. Su objetivo es seguir fortaleciendo la cruel guerra econ\u00f3mica contra Cuba con fines de dominaci\u00f3n\u201d, expres\u00f3 en X.<\/p>\n\n\n\n<p>D\u00edaz-Canel sostuvo que las medidas extremas impuestas por Trump han provocado escasez en la isla y un aumento significativo del flujo migratorio de cubanos hacia Estados Unidos. Adem\u00e1s, calific\u00f3 la decisi\u00f3n como un \u201cacto de burla y abuso\u201d que confirma el descr\u00e9dito de los mecanismos unilaterales de coerci\u00f3n utilizados por el gobierno estadounidense. \u201cPrevalecer\u00e1 la leg\u00edtima y noble causa de nuestro pueblo que una vez m\u00e1s vencer\u00e1\u201d, afirm\u00f3.<\/p>\n\n\n\n<p>Por su parte, Eugenio Mart\u00ednez Enr\u00edquez, director general de Am\u00e9rica Latina y el Caribe del Ministerio de Relaciones Exteriores de Cuba, cuestion\u00f3 la falta de fundamento en la decisi\u00f3n de Trump. \u201c\u00bfC\u00f3mo un presidente puede ser tan irresponsable y, sin revisar con las entidades que se dedican a evaluar el terrorismo, las cuales acaban de decir que no tienen evidencias de que Cuba patrocina el terrorismo, volver a considerar que Cuba lo hace?\u201d, expres\u00f3.<\/p>\n\n\n\n<p>Hasta el momento, la administraci\u00f3n estadounidense no ha respondido a las cr\u00edticas del gobierno cubano sobre esta decisi\u00f3n.<\/p>\n","protected":false},"excerpt":{"rendered":"<p>El canciller de Cuba, Bruno Rodr\u00edguez, rechaz\u00f3 la decisi\u00f3n del expresidente de Estados Unidos, Donald Trump, de restablecer la designaci\u00f3n de la isla como estado patrocinador del terrorismo. A trav\u00e9s de su cuenta en la red social X, calific\u00f3 la medida como un acto de arrogancia y falsedad. \u201cEbrio de arrogancia, el presidente Trump decide [&hellip;]<\/p>\n","protected":false},"author":2,"featured_media":73074,"comment_status":"open","ping_status":"open","sticky":false,"template":"","format":"standard","meta":{"footnotes":""},"categories":[48],"tags":[845,939,58],"class_list":{"0":"post-73073","1":"post","2":"type-post","3":"status-publish","4":"format-standard","5":"has-post-thumbnail","7":"category-internacionales","8":"tag-ahora-mas-rd","9":"tag-cada-minuto-una-verdad","10":"tag-republica-dominicana"},"aioseo_notices":[],"amp_enabled":true,"_links":{"self":[{"href":"https:\/\/ahoramasrd.com.do\/index.php?rest_route=\/wp\/v2\/posts\/73073","targetHints":{"allow":["GET"]}}],"collection":[{"href":"https:\/\/ahoramasrd.com.do\/index.php?rest_route=\/wp\/v2\/posts"}],"about":[{"href":"https:\/\/ahoramasrd.com.do\/index.php?rest_route=\/wp\/v2\/types\/post"}],"author":[{"embeddable":true,"href":"https:\/\/ahoramasrd.com.do\/index.php?rest_route=\/wp\/v2\/users\/2"}],"replies":[{"embeddable":true,"href":"https:\/\/ahoramasrd.com.do\/index.php?rest_route=%2Fwp%2Fv2%2Fcomments&post=73073"}],"version-history":[{"count":0,"href":"https:\/\/ahoramasrd.com.do\/index.php?rest_route=\/wp\/v2\/posts\/73073\/revisions"}],"wp:featuredmedia":[{"embeddable":true,"href":"https:\/\/ahoramasrd.com.do\/index.php?rest_route=\/"}],"wp:attachment":[{"href":"https:\/\/ahoramasrd.com.do\/index.php?rest_route=%2Fwp%2Fv2%2Fmedia&parent=73073"}],"wp:term":[{"taxonomy":"category","embeddable":true,"href":"https:\/\/ahoramasrd.com.do\/index.php?rest_route=%2Fwp%2Fv2%2Fcategories&post=73073"},{"taxonomy":"post_tag","embeddable":true,"href":"https:\/\/ahoramasrd.com.do\/index.php?rest_route=%2Fwp%2Fv2%2Ftags&post=73073"}],"curies":[{"name":"wp","href":"https:\/\/api.w.org\/{rel}","templated":true}]}}