{"id":73079,"date":"2025-01-20T23:00:59","date_gmt":"2025-01-21T03:00:59","guid":{"rendered":"https:\/\/ahoramasrd.com.do\/?p=73079"},"modified":"2025-01-20T23:01:00","modified_gmt":"2025-01-21T03:01:00","slug":"participacion-comunitaria-e-indotel-unen-esfuerzos-para-promover-la-alfabetizacion-basica-digital","status":"publish","type":"post","link":"https:\/\/ahoramasrd.com.do\/?p=73079","title":{"rendered":"Participaci\u00f3n Comunitaria e INDOTEL unen esfuerzos para promover la alfabetizaci\u00f3n b\u00e1sica digital"},"content":{"rendered":"\n<p>Santo Domingo. \u2013 El director general de Participaci\u00f3n Comunitaria, Luis Ventura, recibi\u00f3 este lunes en su oficina a los representantes del Instituto Dominicano de las Telecomunicaciones (INDOTEL), Gorge Roque y Guillen Veloso, quienes presentaron un importante proyecto de alfabetizaci\u00f3n b\u00e1sica digital.<\/p>\n\n\n\n<p>Esta iniciativa busca reducir la brecha digital y mejorar el acceso a herramientas tecnol\u00f3gicas esenciales para la educaci\u00f3n.<\/p>\n\n\n\n<p>El encuentro, que se desarroll\u00f3 en un ambiente de colaboraci\u00f3n y compromiso con la comunidad, tuvo como objetivo principal exponer los detalles del proyecto.<\/p>\n\n\n\n<p>Ventura expres\u00f3 su satisfacci\u00f3n por la propuesta, la cual ser\u00e1 estudiada por la entidad.<\/p>\n\n\n\n<p>El padre Aridio Vicioso y Divina Garc\u00eda, quienes tambi\u00e9n participaron en el encuentro, se mostraron de acuerdo con la iniciativa, debido la relevancia de la alfabetizaci\u00f3n digital y el impacto positivo que tendr\u00e1 en el fortalecimiento de las relaciones educativas entre los hogares y las escuelas.<\/p>\n\n\n\n<p>Como parte de los acuerdos, se firmar\u00e1 un convenio entre las dos instituciones, lo que permitir\u00e1 dar inicio a la implementaci\u00f3n del proyecto. En lo adelante, Participaci\u00f3n Comunitaria realizar\u00e1 un estudio m\u00e1s detallado de las caracter\u00edsticas y alcances del proyecto.<\/p>\n\n\n\n<p>Este proyecto refleja el compromiso del INDOTEL y de Participaci\u00f3n Comunitaria con la inclusi\u00f3n digital y el acceso equitativo a la educaci\u00f3n para todas las familias dominicanas, consolidando as\u00ed un camino hacia la modernizaci\u00f3n y el desarrollo en el \u00e1mbito educativo.<\/p>\n","protected":false},"excerpt":{"rendered":"<p>Santo Domingo. \u2013 El director general de Participaci\u00f3n Comunitaria, Luis Ventura, recibi\u00f3 este lunes en su oficina a los representantes del Instituto Dominicano de las Telecomunicaciones (INDOTEL), Gorge Roque y Guillen Veloso, quienes presentaron un importante proyecto de alfabetizaci\u00f3n b\u00e1sica digital. Esta iniciativa busca reducir la brecha digital y mejorar el acceso a herramientas tecnol\u00f3gicas [&hellip;]<\/p>\n","protected":false},"author":2,"featured_media":73080,"comment_status":"open","ping_status":"open","sticky":false,"template":"","format":"standard","meta":{"footnotes":""},"categories":[44],"tags":[845,939,58],"class_list":{"0":"post-73079","1":"post","2":"type-post","3":"status-publish","4":"format-standard","5":"has-post-thumbnail","7":"category-actualidad","8":"tag-ahora-mas-rd","9":"tag-cada-minuto-una-verdad","10":"tag-republica-dominicana"},"aioseo_notices":[],"amp_enabled":true,"_links":{"self":[{"href":"https:\/\/ahoramasrd.com.do\/index.php?rest_route=\/wp\/v2\/posts\/73079","targetHints":{"allow":["GET"]}}],"collection":[{"href":"https:\/\/ahoramasrd.com.do\/index.php?rest_route=\/wp\/v2\/posts"}],"about":[{"href":"https:\/\/ahoramasrd.com.do\/index.php?rest_route=\/wp\/v2\/types\/post"}],"author":[{"embeddable":true,"href":"https:\/\/ahoramasrd.com.do\/index.php?rest_route=\/wp\/v2\/users\/2"}],"replies":[{"embeddable":true,"href":"https:\/\/ahoramasrd.com.do\/index.php?rest_route=%2Fwp%2Fv2%2Fcomments&post=73079"}],"version-history":[{"count":0,"href":"https:\/\/ahoramasrd.com.do\/index.php?rest_route=\/wp\/v2\/posts\/73079\/revisions"}],"wp:featuredmedia":[{"embeddable":true,"href":"https:\/\/ahoramasrd.com.do\/index.php?rest_route=\/"}],"wp:attachment":[{"href":"https:\/\/ahoramasrd.com.do\/index.php?rest_route=%2Fwp%2Fv2%2Fmedia&parent=73079"}],"wp:term":[{"taxonomy":"category","embeddable":true,"href":"https:\/\/ahoramasrd.com.do\/index.php?rest_route=%2Fwp%2Fv2%2Fcategories&post=73079"},{"taxonomy":"post_tag","embeddable":true,"href":"https:\/\/ahoramasrd.com.do\/index.php?rest_route=%2Fwp%2Fv2%2Ftags&post=73079"}],"curies":[{"name":"wp","href":"https:\/\/api.w.org\/{rel}","templated":true}]}}