{"id":73087,"date":"2025-01-21T08:58:29","date_gmt":"2025-01-21T12:58:29","guid":{"rendered":"https:\/\/ahoramasrd.com.do\/?p=73087"},"modified":"2025-01-21T08:58:30","modified_gmt":"2025-01-21T12:58:30","slug":"rusia-y-armenia-escenifican-tension-en-una-rueda-de-prensa-en-la-que-lavrov-niega-su-apoyo-a-baku","status":"publish","type":"post","link":"https:\/\/ahoramasrd.com.do\/?p=73087","title":{"rendered":"Rusia y Armenia escenifican tensi\u00f3n en una rueda de prensa en la que Lavrov niega su apoyo a Bak\u00fa"},"content":{"rendered":"\n<p>Rusia y Armenia escenificaron este martes su tensi\u00f3n bilateral en una pol\u00e9mica rueda de prensa en la que el ministro de Exteriores ruso, Sergu\u00e9i Lavrov, neg\u00f3 que la postura de Mosc\u00fa en el proceso de normalizaci\u00f3n entre armenios y azerbaiyanos coincida muchas veces con la de Bak\u00fa.<\/p>\n\n\n\n<p>\u201cEso no es as\u00ed. Estamos tratando temas que, en nuestra opini\u00f3n, son muy, muy actuales, temas de normalizaci\u00f3n de las relaciones entre Erev\u00e1n y Bak\u00fa, partiendo de nuestro profundo inter\u00e9s en que nuestros pueblos hermanos vivan en paz y buena vecindad\u201d, dijo tras reunirse con su hom\u00f3logo armenio, Ararat Mirzoy\u00e1n.<\/p>\n\n\n\n<p>El ministro ruso respondi\u00f3 as\u00ed a la pregunta de una periodista armenia quien afirm\u00f3 que pese a las declaraciones sobre su neutralidad, la ret\u00f3rica oficial y medi\u00e1tica de Mosc\u00fa coincide muchas veces con la de Bak\u00fa.<\/p>\n\n\n\n<p>Lavrov insisti\u00f3 en que Rusia est\u00e1 sinceramente interesada en un arreglo del conflicto armenio-azerbaiyano \u201ca diferencia de los pa\u00edses que est\u00e1n lejos del C\u00e1ucaso Sur\u201d, en una clara alusi\u00f3n a Estados Unidos y pa\u00edses europeos.<\/p>\n\n\n\n<p>Seg\u00fan el ministro ruso, esos pa\u00edses \u201cpromueven otra agenda, dirigida a la conservaci\u00f3n de las tensiones\u201d en beneficio de sus intereses geoestrat\u00e9gicos.<\/p>\n\n\n\n<p>La rueda de prensa entre los ministros ruso y armenio se produce pocos d\u00edas despu\u00e9s del viaje de Mirzoy\u00e1n a EE.UU., donde fue firmada una Carta de Asociaci\u00f3n Estrat\u00e9gica entre ambos pa\u00edses que servir\u00e1 de hoja de ruta para el desarrollo de las relaciones bilaterales.<\/p>\n\n\n\n<p>Por otra parte, el Gobierno armenio toma pasos para acercarse a la Uni\u00f3n Europea (UE) con la reciente aprobaci\u00f3n de un proyecto de ley para comenzar las negociaciones sobre el ingreso en el bloque comunitario.<\/p>\n\n\n\n<p>Al respecto, Mirzoy\u00e1n dijo hoy que el proyecto de ley es \u201cuna iniciativa popular\u201d que no prev\u00e9 \u201cfechas ni mecanismos concretos\u201d para iniciar las negociaciones con la UE, aunque destac\u00f3 que ser\u00e1 sometido a votaci\u00f3n en el Parlamento.<\/p>\n\n\n\n<p>Esta iniciativa, promovida por la Plataforma de Fuerzas Democr\u00e1ticas del pa\u00eds reuni\u00f3 previamente 60.000 firmas de apoyo, en lugar de las 50.000 necesarias, lo que hace obligatoria su discusi\u00f3n por las autoridades.<\/p>\n\n\n\n<p>El Kremlin advirti\u00f3 enseguida de que Armenia no podr\u00eda mantener su participaci\u00f3n en el bloque postsovi\u00e9tico de la Uni\u00f3n Econ\u00f3mica Euroasi\u00e1tica (UEE) si opta por sumarse a la UE.<\/p>\n\n\n\n<p>Seg\u00fan Mosc\u00fa, Armenia debe hacer una elecci\u00f3n, teniendo en cuenta que en caso de la salida de la UEE, las exportaciones del pa\u00eds cauc\u00e1sico se reducir\u00e1n en un 70-80 %.<\/p>\n\n\n\n<p>El ministro armenio tambi\u00e9n llam\u00f3 \u201csincera\u201d y \u201cconstructiva\u201d la reuni\u00f3n con su hom\u00f3logo ruso y asegur\u00f3 que el di\u00e1logo con la parte rusa continuar\u00e1, ya que ambos pa\u00edses \u201cson aliados\u201d.<\/p>\n","protected":false},"excerpt":{"rendered":"<p>Rusia y Armenia escenificaron este martes su tensi\u00f3n bilateral en una pol\u00e9mica rueda de prensa en la que el ministro de Exteriores ruso, Sergu\u00e9i Lavrov, neg\u00f3 que la postura de Mosc\u00fa en el proceso de normalizaci\u00f3n entre armenios y azerbaiyanos coincida muchas veces con la de Bak\u00fa. \u201cEso no es as\u00ed. Estamos tratando temas que, [&hellip;]<\/p>\n","protected":false},"author":2,"featured_media":73088,"comment_status":"open","ping_status":"open","sticky":false,"template":"","format":"standard","meta":{"footnotes":""},"categories":[48],"tags":[845,939,58],"class_list":{"0":"post-73087","1":"post","2":"type-post","3":"status-publish","4":"format-standard","5":"has-post-thumbnail","7":"category-internacionales","8":"tag-ahora-mas-rd","9":"tag-cada-minuto-una-verdad","10":"tag-republica-dominicana"},"aioseo_notices":[],"amp_enabled":true,"_links":{"self":[{"href":"https:\/\/ahoramasrd.com.do\/index.php?rest_route=\/wp\/v2\/posts\/73087","targetHints":{"allow":["GET"]}}],"collection":[{"href":"https:\/\/ahoramasrd.com.do\/index.php?rest_route=\/wp\/v2\/posts"}],"about":[{"href":"https:\/\/ahoramasrd.com.do\/index.php?rest_route=\/wp\/v2\/types\/post"}],"author":[{"embeddable":true,"href":"https:\/\/ahoramasrd.com.do\/index.php?rest_route=\/wp\/v2\/users\/2"}],"replies":[{"embeddable":true,"href":"https:\/\/ahoramasrd.com.do\/index.php?rest_route=%2Fwp%2Fv2%2Fcomments&post=73087"}],"version-history":[{"count":0,"href":"https:\/\/ahoramasrd.com.do\/index.php?rest_route=\/wp\/v2\/posts\/73087\/revisions"}],"wp:featuredmedia":[{"embeddable":true,"href":"https:\/\/ahoramasrd.com.do\/index.php?rest_route=\/"}],"wp:attachment":[{"href":"https:\/\/ahoramasrd.com.do\/index.php?rest_route=%2Fwp%2Fv2%2Fmedia&parent=73087"}],"wp:term":[{"taxonomy":"category","embeddable":true,"href":"https:\/\/ahoramasrd.com.do\/index.php?rest_route=%2Fwp%2Fv2%2Fcategories&post=73087"},{"taxonomy":"post_tag","embeddable":true,"href":"https:\/\/ahoramasrd.com.do\/index.php?rest_route=%2Fwp%2Fv2%2Ftags&post=73087"}],"curies":[{"name":"wp","href":"https:\/\/api.w.org\/{rel}","templated":true}]}}