{"id":73090,"date":"2025-01-21T09:16:00","date_gmt":"2025-01-21T13:16:00","guid":{"rendered":"https:\/\/ahoramasrd.com.do\/?p=73090"},"modified":"2025-01-21T09:16:03","modified_gmt":"2025-01-21T13:16:03","slug":"dia-de-nuestra-senora-de-la-altagracia-dominicanos-honran-a-su-patrona-espiritual","status":"publish","type":"post","link":"https:\/\/ahoramasrd.com.do\/?p=73090","title":{"rendered":"D\u00eda de Nuestra Se\u00f1ora de la Altagracia: dominicanos honran a su patrona espiritual"},"content":{"rendered":"\n<p>Como cada a\u00f1o, los cat\u00f3licos dominicanos se une en devoci\u00f3n para celebrar el D\u00eda de Nuestra Se\u00f1ora de La Altagracia, patrona espiritual de la Rep\u00fablica Dominicana, reafirmando su fe. Esta festividad, que tiene lugar cada 21 de enero, es un emblema de las profundas ra\u00edces cristianas que dan vida y significado a la identidad nacional.<\/p>\n\n\n\n<p>La Virgen de La Altagracia, venerada como madre y protectora de la naci\u00f3n, simboliza la esperanza, la fe y el compromiso de la comunidad cat\u00f3lica dominicana con los valores cristianos. En su honor, la Conferencia del Episcopado Dominicano (CED) organiz\u00f3 un novenario especial, cuyo prop\u00f3sito es profundizar en la reflexi\u00f3n espiritual y renovar el testimonio de fe de los feligreses.<\/p>\n\n\n\n<p>Durante el novenario, transmitido a trav\u00e9s de las plataformas digitales de la CED, se abordan temas como la honestidad, la transparencia y la honradez, inspirados en las virtudes de la Virgen Mar\u00eda. Estas jornadas han sido tambi\u00e9n una oportunidad para elevar oraciones por diversas causas, como la Pastoral Vocacional, la infancia, las parejas de novios, la Pastoral Social y C\u00e1ritas, destacando el compromiso de la Iglesia con todos los sectores de la sociedad.<\/p>\n\n\n\n<p>Desde el Santuario de Nuestra Se\u00f1ora de La Altagracia, en Hig\u00fcey, miles de devotos participan en una vigilia solemne que une a la naci\u00f3n y a los dominicanos en el extranjero. Con oraciones, cantos y testimonios, los fieles rinden homenaje a la Virgen, destac\u00e1ndola como madre de la Iglesia y gu\u00eda espiritual.<\/p>\n","protected":false},"excerpt":{"rendered":"<p>Como cada a\u00f1o, los cat\u00f3licos dominicanos se une en devoci\u00f3n para celebrar el D\u00eda de Nuestra Se\u00f1ora de La Altagracia, patrona espiritual de la Rep\u00fablica Dominicana, reafirmando su fe. Esta festividad, que tiene lugar cada 21 de enero, es un emblema de las profundas ra\u00edces cristianas que dan vida y significado a la identidad nacional. [&hellip;]<\/p>\n","protected":false},"author":2,"featured_media":73091,"comment_status":"open","ping_status":"open","sticky":false,"template":"","format":"standard","meta":{"footnotes":""},"categories":[44],"tags":[845,939,58],"class_list":{"0":"post-73090","1":"post","2":"type-post","3":"status-publish","4":"format-standard","5":"has-post-thumbnail","7":"category-actualidad","8":"tag-ahora-mas-rd","9":"tag-cada-minuto-una-verdad","10":"tag-republica-dominicana"},"aioseo_notices":[],"amp_enabled":true,"_links":{"self":[{"href":"https:\/\/ahoramasrd.com.do\/index.php?rest_route=\/wp\/v2\/posts\/73090","targetHints":{"allow":["GET"]}}],"collection":[{"href":"https:\/\/ahoramasrd.com.do\/index.php?rest_route=\/wp\/v2\/posts"}],"about":[{"href":"https:\/\/ahoramasrd.com.do\/index.php?rest_route=\/wp\/v2\/types\/post"}],"author":[{"embeddable":true,"href":"https:\/\/ahoramasrd.com.do\/index.php?rest_route=\/wp\/v2\/users\/2"}],"replies":[{"embeddable":true,"href":"https:\/\/ahoramasrd.com.do\/index.php?rest_route=%2Fwp%2Fv2%2Fcomments&post=73090"}],"version-history":[{"count":0,"href":"https:\/\/ahoramasrd.com.do\/index.php?rest_route=\/wp\/v2\/posts\/73090\/revisions"}],"wp:featuredmedia":[{"embeddable":true,"href":"https:\/\/ahoramasrd.com.do\/index.php?rest_route=\/"}],"wp:attachment":[{"href":"https:\/\/ahoramasrd.com.do\/index.php?rest_route=%2Fwp%2Fv2%2Fmedia&parent=73090"}],"wp:term":[{"taxonomy":"category","embeddable":true,"href":"https:\/\/ahoramasrd.com.do\/index.php?rest_route=%2Fwp%2Fv2%2Fcategories&post=73090"},{"taxonomy":"post_tag","embeddable":true,"href":"https:\/\/ahoramasrd.com.do\/index.php?rest_route=%2Fwp%2Fv2%2Ftags&post=73090"}],"curies":[{"name":"wp","href":"https:\/\/api.w.org\/{rel}","templated":true}]}}