{"id":73093,"date":"2025-01-21T09:29:50","date_gmt":"2025-01-21T13:29:50","guid":{"rendered":"https:\/\/ahoramasrd.com.do\/?p=73093"},"modified":"2025-01-21T09:29:51","modified_gmt":"2025-01-21T13:29:51","slug":"el-mundo-reacciona-a-las-primeras-medidas-de-trump-con-cautela-y-advertencias-de-peligro","status":"publish","type":"post","link":"https:\/\/ahoramasrd.com.do\/?p=73093","title":{"rendered":"El mundo reacciona a las primeras medidas de Trump con cautela y advertencias de peligro"},"content":{"rendered":"\n<p>El nuevo presidente de Estados Unidos, Donald Trump, logr\u00f3 en menos de 24 horas en el cargo que Gobiernos, organizaciones internacionales, oneg\u00e9s e individuos de todo el mundo reaccionasen a sus primeras medidas, en muchos casos para lanzar advertencias de peligro.<\/p>\n\n\n\n<p>\u00abEs evidente que esto es un indicador de con qu\u00e9 m\u00e9todos el presidente Trump y su Administraci\u00f3n tienen previsto promover los intereses de Estados Unidos en la arena internacional\u00bb, dijo el ministro de Exteriores de Rusia, Sergu\u00e9i Lavrov, este martes sobre la bater\u00eda de decretos dictados por el nuevo presidente, que abarcan tal variedad de temas y espacios que tienen un efecto global.<\/p>\n\n\n\n<p>\u00abEl inter\u00e9s (de EE.UU.) radica en siempre ser m\u00e1s fuerte que cualquier rival\u00bb, dijo Lavrov.<\/p>\n\n\n\n<p>Con dos puntos calientes en las relaciones chino-estadounidenses aun sin resolver por Trump -los anunciados aranceles a productos chinos y el futuro de TikTok-, la respuesta china fue cauta.<\/p>\n\n\n\n<p>\u00abEsperamos que Estados Unidos y China (..) promuevan conjuntamente el desarrollo estable, saludable y sostenible de sus relaciones econ\u00f3micas y comerciales\u00bb, dijo hoy en una rueda de prensa el portavoz de la Canciller\u00eda china, Guo Jiakun, a\u00f1adiendo que los lazos \u00abbenefician a la econom\u00eda global\u00bb.<\/p>\n\n\n\n<p>La Organizaci\u00f3n Mundial de la Salud (OMS), de la que Trump ha anunciado que retira a EE.UU., lament\u00f3 esa decisi\u00f3n y confi\u00f3 en que sea reconsiderada, porque \u00ab(la OMS) desempe\u00f1a un papel crucial en la protecci\u00f3n de la salud de gente de todo el mundo, incluidos estadounidenses\u00bb.<\/p>\n\n\n\n<p>\u00abEsperamos que reconsideren la decisi\u00f3n y deseamos tener un di\u00e1logo constructivo por el bien de la salud de millones de personas en todo el planeta\u00bb, indic\u00f3 un comunicado de la organizaci\u00f3n.<\/p>\n\n\n\n<p>Trump tambi\u00e9n decidi\u00f3 retirar a su pa\u00eds del acuerdo para un impuesto m\u00ednimo mundial a las multinacionales suscrito en el marco de la Organizaci\u00f3n para la Cooperaci\u00f3n y el Desarrollo Econ\u00f3mico (OCDE) , cuyo secretario general, Matthias Cormann, hizo votos, sin embargo, para poder seguir trabajando con Estados Unidos.<\/p>\n\n\n\n<p>OMM: El cambio clim\u00e1tico sigue leyes de la f\u00edsica \u00abno negociables\u00bb<br>La retirada del acuerdo de Par\u00eds para reducir los gases de efecto invernadero, aunque anunciada desde hace meses, caus\u00f3 preocupaci\u00f3n en diversos \u00e1mbitos.<\/p>\n\n\n\n<p>El cambio clim\u00e1tico sigue unas leyes de la f\u00edsica \u00abno negociables\u00bb que \u00abhan de ser vistas con una perspectiva de d\u00e9cadas o siglos, m\u00e1s que en un mandato de cuatro a\u00f1os\u00bb, subray\u00f3 la Organizaci\u00f3n Meteorol\u00f3gica Mundial (OMM).<\/p>\n\n\n\n<p>\u00abEl cambio clim\u00e1tico es el gran desaf\u00edo de nuestros tiempos\u00bb, asegur\u00f3 en rueda de prensa la portavoz de la agencia Clare Nullis, quien record\u00f3 que Estados Unidos tambi\u00e9n es una de las grandes v\u00edctimas de los desastres meteorol\u00f3gicos, agravados en muchos casos por el calentamiento global.<\/p>\n\n\n\n<p>El comisario europeo de Acci\u00f3n Clim\u00e1tica, Wopke Hoekstra, fue cr\u00edtico con esta decisi\u00f3n del nuevo inquilino de la Casa Blanca. \u00abEs algo verdaderamente desafortunado que la econom\u00eda m\u00e1s grande del mundo, y uno de nuestros aliados m\u00e1s cercanos en la lucha contra el cambio clim\u00e1tico, se retire del Acuerdo de Par\u00eds\u00bb, dijo.<\/p>\n\n\n\n<p>Los palestinos advierten del \u00abcaos brutal\u00bb que se avecina en Cisjordania<br>Sin tapujos el Ministerio de Asuntos Exteriores palestino reaccion\u00f3 a la revocaci\u00f3n de sanciones contra colonos violentos en Cisjordania ocupada anunciada por Trump, una medida que a su juicio \u00abprepara el camino al caos brutal para facilitar la anexi\u00f3n\u00bb de los territorios palestinos e incita a m\u00e1s cr\u00edmenes contra nuestro pueblo\u00bb.<\/p>\n\n\n\n<p>Este anuncio fue celebrado por el contrario por los principales ministros israel\u00edes de extrema derecha, entre ellos el titular de Finanzas, el colono Bezalel Smotrich, que calific\u00f3 la medida de Trump de \u201cjusta\u201d al frenar \u00abun grave acto de burda intervenci\u00f3n extranjera en los asuntos internos de Israel\u201d.<\/p>\n\n\n\n<p>Advierten de onda expansiva de medidas de Trump<br>Las secciones de Amnist\u00eda Internacional en el continente americano fueron claras en criticar el programa de gobierno del nuevo presidente de EE.UU. desde el punto de vista de los derechos humanos y adem\u00e1s advirtieron que esas pol\u00edticas, particularmente la que se refieren a inmigrantes y solicitantes de asilo, van a producir una \u00abonda expansiva\u00bb en Am\u00e9rica Latina.<\/p>\n\n\n\n<p>\u00abLas sociedades latinoamericanas llevan a\u00f1os presenciando c\u00f3mo las decisiones pol\u00edticas de Estados Unidos influyen \u2014a menudo de manera no deseada\u2014 en el \u00e1mbito local\u201d, declar\u00f3 Rodrigo Bustos, director de Amnist\u00eda Internacional Chile.<\/p>\n\n\n\n<p>AI de las Am\u00e9ricas menciona que hay otros motivos de \u00abpreocupaci\u00f3n creciente respecto al gobierno del presidente Trump\u00bb; uno es el \u00abderecho de las mujeres a vivir sin violencia, as\u00ed como el derecho a la salud sexual y reproductiva, incluido el aborto\u00bb, otro los ataques a la comunidad LGTBI y un tercero su pol\u00edtica respecto al cambio clim\u00e1tico.<\/p>\n\n\n\n<p>La Oficina de la ONU para los Derechos Humanos record\u00f3 este martes las obligaciones de EE.UU. y otros pa\u00edses miembros con las libertades fundamentales de los migrantes y record\u00f3 que la solicitud de asilo es una de ellas.<\/p>\n\n\n\n<p>\u00abTodos los Estados tienen derecho a ejercer jurisdicci\u00f3n en sus fronteras internacionales, pero necesitan hacerlo en l\u00ednea con sus obligaciones de derechos humanos\u00bb, se\u00f1al\u00f3 al respecto la portavoz de la oficina con sede en Ginebra Ravina Shamdasani en respuesta a una pregunta de EFE.<\/p>\n\n\n\n<p>Antes de que la presidenta Claudia Sheinbaum hable hoy sobre el tema, la secretaria mexicana de Turismo, Josefina Rodr\u00edguez, dijo en Madrid que su pa\u00eds \u00abtiene una estrategia\u00bb y \u00abno estamos preocupados, estamos ocupados\u00bb despu\u00e9s de los anuncios del presidente de EE. UU., Donald Trump, sobre las medidas que adoptar\u00e1 en la frontera que comparten ambos pa\u00edses<\/p>\n","protected":false},"excerpt":{"rendered":"<p>El nuevo presidente de Estados Unidos, Donald Trump, logr\u00f3 en menos de 24 horas en el cargo que Gobiernos, organizaciones internacionales, oneg\u00e9s e individuos de todo el mundo reaccionasen a sus primeras medidas, en muchos casos para lanzar advertencias de peligro. \u00abEs evidente que esto es un indicador de con qu\u00e9 m\u00e9todos el presidente Trump [&hellip;]<\/p>\n","protected":false},"author":2,"featured_media":73094,"comment_status":"open","ping_status":"open","sticky":false,"template":"","format":"standard","meta":{"footnotes":""},"categories":[48],"tags":[845,939,58],"class_list":{"0":"post-73093","1":"post","2":"type-post","3":"status-publish","4":"format-standard","5":"has-post-thumbnail","7":"category-internacionales","8":"tag-ahora-mas-rd","9":"tag-cada-minuto-una-verdad","10":"tag-republica-dominicana"},"aioseo_notices":[],"amp_enabled":true,"_links":{"self":[{"href":"https:\/\/ahoramasrd.com.do\/index.php?rest_route=\/wp\/v2\/posts\/73093","targetHints":{"allow":["GET"]}}],"collection":[{"href":"https:\/\/ahoramasrd.com.do\/index.php?rest_route=\/wp\/v2\/posts"}],"about":[{"href":"https:\/\/ahoramasrd.com.do\/index.php?rest_route=\/wp\/v2\/types\/post"}],"author":[{"embeddable":true,"href":"https:\/\/ahoramasrd.com.do\/index.php?rest_route=\/wp\/v2\/users\/2"}],"replies":[{"embeddable":true,"href":"https:\/\/ahoramasrd.com.do\/index.php?rest_route=%2Fwp%2Fv2%2Fcomments&post=73093"}],"version-history":[{"count":0,"href":"https:\/\/ahoramasrd.com.do\/index.php?rest_route=\/wp\/v2\/posts\/73093\/revisions"}],"wp:featuredmedia":[{"embeddable":true,"href":"https:\/\/ahoramasrd.com.do\/index.php?rest_route=\/"}],"wp:attachment":[{"href":"https:\/\/ahoramasrd.com.do\/index.php?rest_route=%2Fwp%2Fv2%2Fmedia&parent=73093"}],"wp:term":[{"taxonomy":"category","embeddable":true,"href":"https:\/\/ahoramasrd.com.do\/index.php?rest_route=%2Fwp%2Fv2%2Fcategories&post=73093"},{"taxonomy":"post_tag","embeddable":true,"href":"https:\/\/ahoramasrd.com.do\/index.php?rest_route=%2Fwp%2Fv2%2Ftags&post=73093"}],"curies":[{"name":"wp","href":"https:\/\/api.w.org\/{rel}","templated":true}]}}