{"id":73167,"date":"2025-01-24T17:59:47","date_gmt":"2025-01-24T21:59:47","guid":{"rendered":"https:\/\/ahoramasrd.com.do\/?p=73167"},"modified":"2025-01-24T17:59:48","modified_gmt":"2025-01-24T21:59:48","slug":"alcaldia-de-sfm-otorga-llave-de-la-ciudad-a-la-embajadora-de-el-salvador","status":"publish","type":"post","link":"https:\/\/ahoramasrd.com.do\/?p=73167","title":{"rendered":"Alcald\u00eda de SFM otorga llave de la ciudad a la embajadora de El Salvador"},"content":{"rendered":"\n<p>San Francisco de Macor\u00eds, 24 de enero de 2025.- En un acto de gran relevancia para la comunidad educativa y cultural de la regi\u00f3n, la Alcald\u00eda de San Francisco de Macor\u00eds entreg\u00f3 la llave de la ciudad a la embajadora de El Salvador en la Rep\u00fablica Dominicana, S.E. Dania Tolentino.<\/p>\n\n\n\n<p>La ceremonia, realizada en la Universidad Cat\u00f3lica Nordestana, fue un gesto de reconocimiento a su labor diplom\u00e1tica y su aporte a la educaci\u00f3n y el desarrollo social.<\/p>\n\n\n\n<p>Durante el evento, el director General de Participaci\u00f3n Comunitaria del Ministerio de Educaci\u00f3n, Luis Ventura, estuvo presente y tuvo un papel central en el acto.<\/p>\n\n\n\n<p>Ventura ley\u00f3 el reconocimiento oficial entregado a la embajadora, destacando la importancia de la colaboraci\u00f3n entre los pa\u00edses .<\/p>\n\n\n\n<p>La conferencia \u201cLa participaci\u00f3n de los J\u00f3venes en la Transformaci\u00f3n Social desde la Educaci\u00f3n\u201d, ofrecida por la embajadora Tolentino, fue otro de los momentos destacados del encuentro, en el cual se reflexion\u00f3 sobre el rol fundamental de los j\u00f3venes en la construcci\u00f3n de un futuro m\u00e1s justo y pr\u00f3spero.<br>La conferencia, que se celebr\u00f3 con motivo del D\u00eda Internacional de la Educaci\u00f3n, congreg\u00f3 a estudiantes de 5to y 6to de Media, as\u00ed como a autoridades del sistema educativo.<\/p>\n\n\n\n<p>El evento cont\u00f3 con el apoyo de la Asociaci\u00f3n Nacional de Directores de San Francisco de Macor\u00eds, el Consorcio de Responsabilidad Social de la Universidad Cat\u00f3lica Nordestana, el Ayuntamiento de San Francisco de Macor\u00eds, y la Asociaci\u00f3n de Colegios Privados de San Francisco de Macor\u00eds, quienes colaboraron en la organizaci\u00f3n de esta importante actividad que resalta el compromiso de la comunidad con la educaci\u00f3n y la participaci\u00f3n juvenil.<\/p>\n\n\n\n<p>La entrega de la llave de la ciudad a la embajadora Tolentino, junto con su conferencia, subraya el compromiso de San Francisco de Macor\u00eds con la educaci\u00f3n y el desarrollo social, fomentando el intercambio de ideas y la cooperaci\u00f3n entre naciones en beneficio de las futuras generaciones.<\/p>\n","protected":false},"excerpt":{"rendered":"<p>San Francisco de Macor\u00eds, 24 de enero de 2025.- En un acto de gran relevancia para la comunidad educativa y cultural de la regi\u00f3n, la Alcald\u00eda de San Francisco de Macor\u00eds entreg\u00f3 la llave de la ciudad a la embajadora de El Salvador en la Rep\u00fablica Dominicana, S.E. Dania Tolentino. La ceremonia, realizada en la [&hellip;]<\/p>\n","protected":false},"author":2,"featured_media":73168,"comment_status":"open","ping_status":"open","sticky":false,"template":"","format":"standard","meta":{"footnotes":""},"categories":[44],"tags":[845,939,58],"class_list":{"0":"post-73167","1":"post","2":"type-post","3":"status-publish","4":"format-standard","5":"has-post-thumbnail","7":"category-actualidad","8":"tag-ahora-mas-rd","9":"tag-cada-minuto-una-verdad","10":"tag-republica-dominicana"},"aioseo_notices":[],"amp_enabled":true,"_links":{"self":[{"href":"https:\/\/ahoramasrd.com.do\/index.php?rest_route=\/wp\/v2\/posts\/73167","targetHints":{"allow":["GET"]}}],"collection":[{"href":"https:\/\/ahoramasrd.com.do\/index.php?rest_route=\/wp\/v2\/posts"}],"about":[{"href":"https:\/\/ahoramasrd.com.do\/index.php?rest_route=\/wp\/v2\/types\/post"}],"author":[{"embeddable":true,"href":"https:\/\/ahoramasrd.com.do\/index.php?rest_route=\/wp\/v2\/users\/2"}],"replies":[{"embeddable":true,"href":"https:\/\/ahoramasrd.com.do\/index.php?rest_route=%2Fwp%2Fv2%2Fcomments&post=73167"}],"version-history":[{"count":0,"href":"https:\/\/ahoramasrd.com.do\/index.php?rest_route=\/wp\/v2\/posts\/73167\/revisions"}],"wp:featuredmedia":[{"embeddable":true,"href":"https:\/\/ahoramasrd.com.do\/index.php?rest_route=\/"}],"wp:attachment":[{"href":"https:\/\/ahoramasrd.com.do\/index.php?rest_route=%2Fwp%2Fv2%2Fmedia&parent=73167"}],"wp:term":[{"taxonomy":"category","embeddable":true,"href":"https:\/\/ahoramasrd.com.do\/index.php?rest_route=%2Fwp%2Fv2%2Fcategories&post=73167"},{"taxonomy":"post_tag","embeddable":true,"href":"https:\/\/ahoramasrd.com.do\/index.php?rest_route=%2Fwp%2Fv2%2Ftags&post=73167"}],"curies":[{"name":"wp","href":"https:\/\/api.w.org\/{rel}","templated":true}]}}