{"id":73188,"date":"2025-01-25T14:23:26","date_gmt":"2025-01-25T18:23:26","guid":{"rendered":"https:\/\/ahoramasrd.com.do\/?p=73188"},"modified":"2025-01-25T14:23:26","modified_gmt":"2025-01-25T18:23:26","slug":"ministro-bonilla-supervisa-avances-en-construccion-de-centros-penitenciarios-en-san-juan-y-barahona","status":"publish","type":"post","link":"https:\/\/ahoramasrd.com.do\/?p=73188","title":{"rendered":"Ministro Bonilla supervisa avances en construcci\u00f3n de centros penitenciarios en San Juan y Barahona"},"content":{"rendered":"\n<p>El <strong><a href=\"https:\/\/www.eyr.com.do\/tag\/carlos-bonilla\/\">Ministro de Vivienda y Edificaciones (MIVED), Carlos Bonilla, <\/a><\/strong>realiz\u00f3 un recorrido de supervisi\u00f3n por la construcci\u00f3n del Centro de Correcci\u00f3n y Rehabilitaci\u00f3n Pedro Corto, en San Juan, y el Centro de Atenci\u00f3n Integral para Adolescentes en Conflicto con la Ley en Santa Cruz, Barahona.<\/p>\n\n\n\n<p>Durante el recorrido, el Ministro Bonilla fue acompa\u00f1ado por el director de la Oficina Nacional de Apoyo a la Reforma Penitenciaria y asesor honor\u00edfico del Poder Ejecutivo en pol\u00edticas de seguridad ciudadana y sistema penitenciario, Roberto Santana.&nbsp;<\/p>\n\n\n\n<p><strong>CCR de Pedro Corto<\/strong><\/p>\n\n\n\n<p>El CCR de Pedro Corto se construye sobre los 31,250 metros cuadrados de construcci\u00f3n, con capacidad para m\u00e1s de 900 privados de libertad, 75 mujeres y 846 hombres, que tendr\u00e1n un espacio donde se fomentar\u00e1 la reinserci\u00f3n de los internos en la sociedad de manera productiva.<\/p>\n\n\n\n<p>En el recorrido y reuni\u00f3n de revisi\u00f3n de estatus de la obra, el MIVED realiz\u00f3 una presentaci\u00f3n junto a Roberto Santana sobre la reforma penitenciara en San Juan.<\/p>\n\n\n\n<figure class=\"wp-block-image size-large\"><img decoding=\"async\" src=\"https:\/\/www.eyr.com.do\/wp-content\/uploads\/2025\/01\/WhatsApp-Image-2025-01-24-at-4.55.29-PM-1024x684.jpeg\" alt=\"Carlos Bonilla penitenciarios \" class=\"wp-image-172358\" \/><\/figure>\n\n\n\n<p>En el recorrido, el Ministro Bonilla dijo: \u201cConf\u00eden en nosotros, que vamos a garantizar que cuando se entregue este proyecto va a estar bien, nos vamos a tomar el tiempo para determinar eso y asegurarle a ustedes que esto va a estar funcionando\u201d.<\/p>\n\n\n\n<p>Esta estructura penitenciaria contar\u00e1 con cinco edificios de alojamiento de cuatro niveles, edificio de observaci\u00f3n, celdas conyugales, edificio de reflexi\u00f3n, dos edificios de m\u00e1xima seguridad, cocina, comedor y un taller educativo e industrial.<\/p>\n\n\n\n<p>Tambi\u00e9n tendr\u00e1 dispensario m\u00e9dico, iglesia cat\u00f3lica, sal\u00f3n multiusos y templo evang\u00e9lico, edificio de requisa, 11 torres de vig\u00eda, 11 garitas de seguridad, una cancha mixta y un campo de b\u00e9isbol.<\/p>\n\n\n\n<p>En este CCR, el MIVED actualmente construye la malla cicl\u00f3nica de interiores, la terminaci\u00f3n de superficies exteriores y la adecuaci\u00f3n de ba\u00f1os de alojamiento.<\/p>\n\n\n\n<p><strong>Centro correccional para adolescentes en Barahona<\/strong><\/p>\n\n\n\n<p>Este centro, que realiza el MIVED y se encuentra en un avanzado proceso de construcci\u00f3n, tendr\u00e1 capacidad para albergar a m\u00e1s de 200 privados de libertad menores de edad.&nbsp;<\/p>\n\n\n\n<p>La obra, construida sobre los 2,360 metros cuadrados, contar\u00e1 con tres casas para internos menores de edad, taller multiusos, zona de invernaderos, canchas de baloncesto y un dispensario m\u00e9dico.<\/p>\n\n\n\n<p>En este recorrido, el Ministro Bonilla dijo que \u201clo m\u00e1s importante en el d\u00eda de hoy es la presencia de la comunidad, porque son los veedores de que el proceso en el cual se basa la obra y el buen funcionamiento de la obra sea lo m\u00e1s \u00f3ptimo. Entonces todas las sugerencias, todas sus recomendaciones, todos los cambios que podamos hacer para que la obra quede mejor estar\u00e9 muy a abierto a recibir esas peticiones\u201d.<\/p>\n\n\n\n<p>Mientras, la gobernadora de Barahona, Genara Gonz\u00e1lez, expres\u00f3: \u201cNos sentimos felices y contentos por esta obra, que viene a dar al traste con las preocupaciones que ten\u00edamos, hemos palpado como un grupo de obreros est\u00e1n ejecutando para darle finalidad a esta obra. Estamos contentos porque el Ministerio de Vivienda nos dice que nos estar\u00e1 entregando de abril a mayo\u201d.<\/p>\n\n\n\n<p>El centro tambi\u00e9n tendr\u00e1 un centro educativo, un edificio administrativo, lavander\u00eda, comedor, atenci\u00f3n integral, enfermer\u00eda, odontolog\u00eda y peluquer\u00eda.<\/p>\n\n\n\n<p>De igual manera poseer\u00e1 verja de cerramiento perimetral en muro, alambre de trincheras, parqueos, infraestructura sanitaria, planta de tratamiento, infraestructura el\u00e9ctrica y de vigilancia, zona para clasificaci\u00f3n de desperdicios, caseta para seguridad de acceso y salida, torres de vigilancia y una cisterna con capacidad para 16 mil galones de agua.<\/p>\n\n\n\n<p>En la actualidad, el MIVED concluy\u00f3 la construcci\u00f3n de las torres de vigilancia, la construcci\u00f3n de la planta de tratamiento y la instalaci\u00f3n de la malla cicl\u00f3nica.<\/p>\n\n\n\n<p>Estos centros buscan proporcionar un enfoque integral que combine medidas de protecci\u00f3n, justicia restaurativa y programas educativos y psicosociales, con el objetivo de evitar la reincidencia y fomentar la reinserci\u00f3n de los j\u00f3venes en la sociedad de manera productiva y responsable.<\/p>\n\n\n\n<p>En las provincias San Juan y Barahona estuvieron presentes, representantes de la comunidad, la iglesia, medioambiente, en otras instituciones.<\/p>\n","protected":false},"excerpt":{"rendered":"<p>El Ministro de Vivienda y Edificaciones (MIVED), Carlos Bonilla, realiz\u00f3 un recorrido de supervisi\u00f3n por la construcci\u00f3n del Centro de Correcci\u00f3n y Rehabilitaci\u00f3n Pedro Corto, en San Juan, y el Centro de Atenci\u00f3n Integral para Adolescentes en Conflicto con la Ley en Santa Cruz, Barahona. Durante el recorrido, el Ministro Bonilla fue acompa\u00f1ado por el [&hellip;]<\/p>\n","protected":false},"author":2,"featured_media":73189,"comment_status":"open","ping_status":"open","sticky":false,"template":"","format":"standard","meta":{"footnotes":""},"categories":[44],"tags":[845,58],"class_list":{"0":"post-73188","1":"post","2":"type-post","3":"status-publish","4":"format-standard","5":"has-post-thumbnail","7":"category-actualidad","8":"tag-ahora-mas-rd","9":"tag-republica-dominicana"},"aioseo_notices":[],"amp_enabled":true,"_links":{"self":[{"href":"https:\/\/ahoramasrd.com.do\/index.php?rest_route=\/wp\/v2\/posts\/73188","targetHints":{"allow":["GET"]}}],"collection":[{"href":"https:\/\/ahoramasrd.com.do\/index.php?rest_route=\/wp\/v2\/posts"}],"about":[{"href":"https:\/\/ahoramasrd.com.do\/index.php?rest_route=\/wp\/v2\/types\/post"}],"author":[{"embeddable":true,"href":"https:\/\/ahoramasrd.com.do\/index.php?rest_route=\/wp\/v2\/users\/2"}],"replies":[{"embeddable":true,"href":"https:\/\/ahoramasrd.com.do\/index.php?rest_route=%2Fwp%2Fv2%2Fcomments&post=73188"}],"version-history":[{"count":0,"href":"https:\/\/ahoramasrd.com.do\/index.php?rest_route=\/wp\/v2\/posts\/73188\/revisions"}],"wp:featuredmedia":[{"embeddable":true,"href":"https:\/\/ahoramasrd.com.do\/index.php?rest_route=\/"}],"wp:attachment":[{"href":"https:\/\/ahoramasrd.com.do\/index.php?rest_route=%2Fwp%2Fv2%2Fmedia&parent=73188"}],"wp:term":[{"taxonomy":"category","embeddable":true,"href":"https:\/\/ahoramasrd.com.do\/index.php?rest_route=%2Fwp%2Fv2%2Fcategories&post=73188"},{"taxonomy":"post_tag","embeddable":true,"href":"https:\/\/ahoramasrd.com.do\/index.php?rest_route=%2Fwp%2Fv2%2Ftags&post=73188"}],"curies":[{"name":"wp","href":"https:\/\/api.w.org\/{rel}","templated":true}]}}