{"id":83484,"date":"2025-02-02T18:05:58","date_gmt":"2025-02-02T22:05:58","guid":{"rendered":"https:\/\/ahoramasrd.com.do\/?p=83484"},"modified":"2025-02-02T18:06:03","modified_gmt":"2025-02-02T22:06:03","slug":"eddy-olivares-es-designado-nuevo-ministro-de-trabajo","status":"publish","type":"post","link":"https:\/\/ahoramasrd.com.do\/?p=83484","title":{"rendered":"Eddy Olivares es designado nuevo Ministro de Trabajo"},"content":{"rendered":"\n<p>El presidente de la Rep\u00fablica, Luis Abinader, design\u00f3 a Eddy Olivares Ortega como nuevo Ministro de Trabajo.<\/p>\n\n\n\n<p>El anuncio fue realizado inicialmente a trav\u00e9s del canal de WhatsApp del presidente, donde se difundi\u00f3 un infogr\u00e1fico con los detalles del nombramiento, y posteriormente se comparti\u00f3 en las redes sociales oficiales del mandatario.<\/p>\n\n\n\n<p>Eddy Olivares, abogado y experto en derecho laboral, electoral y constitucional, ha desempe\u00f1ado un papel clave en la gesti\u00f3n p\u00fablica y en la defensa de la institucionalidad. Se desempe\u00f1\u00f3 como Miembro Titular de la Junta Central Electoral (JCE) (2006-2016), donde se destac\u00f3 por su compromiso con la transparencia y la integridad de los procesos democr\u00e1ticos.<\/p>\n\n\n\n<p>Es licenciado en Derecho por la Universidad Aut\u00f3noma de Santo Domingo (UASD), con una maestr\u00eda en Derechos Fundamentales por la Universidad de Castilla-La Mancha (Espa\u00f1a) y una maestr\u00eda en Derecho Constitucional por la Pontificia Universidad Cat\u00f3lica Madre y Maestra (PUCMM). Adem\u00e1s, fue el primer Procurador Fiscal de la provincia de Santo Domingo y ha ocupado posiciones clave en el \u00e1mbito de la justicia y la administraci\u00f3n p\u00fablica.<\/p>\n\n\n\n<p>Como nuevo Ministro de Trabajo, su gesti\u00f3n estar\u00e1 enfocada en la defensa de los derechos laborales, la promoci\u00f3n del empleo digno y el fortalecimiento del di\u00e1logo entre trabajadores, empleadores y el Estado.<\/p>\n\n\n\n<p>Con este nombramiento, el gobierno reafirma su compromiso con la modernizaci\u00f3n del sector laboral y la implementaci\u00f3n de pol\u00edticas que fomenten un mercado de trabajo m\u00e1s justo y equitativo en la Rep\u00fablica Dominicana.<\/p>\n","protected":false},"excerpt":{"rendered":"<p>El presidente de la Rep\u00fablica, Luis Abinader, design\u00f3 a Eddy Olivares Ortega como nuevo Ministro de Trabajo. El anuncio fue realizado inicialmente a trav\u00e9s del canal de WhatsApp del presidente, donde se difundi\u00f3 un infogr\u00e1fico con los detalles del nombramiento, y posteriormente se comparti\u00f3 en las redes sociales oficiales del mandatario. Eddy Olivares, abogado y [&hellip;]<\/p>\n","protected":false},"author":2,"featured_media":83485,"comment_status":"open","ping_status":"open","sticky":false,"template":"","format":"standard","meta":{"footnotes":""},"categories":[44],"tags":[845,939,58],"class_list":{"0":"post-83484","1":"post","2":"type-post","3":"status-publish","4":"format-standard","5":"has-post-thumbnail","7":"category-actualidad","8":"tag-ahora-mas-rd","9":"tag-cada-minuto-una-verdad","10":"tag-republica-dominicana"},"aioseo_notices":[],"amp_enabled":true,"_links":{"self":[{"href":"https:\/\/ahoramasrd.com.do\/index.php?rest_route=\/wp\/v2\/posts\/83484","targetHints":{"allow":["GET"]}}],"collection":[{"href":"https:\/\/ahoramasrd.com.do\/index.php?rest_route=\/wp\/v2\/posts"}],"about":[{"href":"https:\/\/ahoramasrd.com.do\/index.php?rest_route=\/wp\/v2\/types\/post"}],"author":[{"embeddable":true,"href":"https:\/\/ahoramasrd.com.do\/index.php?rest_route=\/wp\/v2\/users\/2"}],"replies":[{"embeddable":true,"href":"https:\/\/ahoramasrd.com.do\/index.php?rest_route=%2Fwp%2Fv2%2Fcomments&post=83484"}],"version-history":[{"count":0,"href":"https:\/\/ahoramasrd.com.do\/index.php?rest_route=\/wp\/v2\/posts\/83484\/revisions"}],"wp:featuredmedia":[{"embeddable":true,"href":"https:\/\/ahoramasrd.com.do\/index.php?rest_route=\/"}],"wp:attachment":[{"href":"https:\/\/ahoramasrd.com.do\/index.php?rest_route=%2Fwp%2Fv2%2Fmedia&parent=83484"}],"wp:term":[{"taxonomy":"category","embeddable":true,"href":"https:\/\/ahoramasrd.com.do\/index.php?rest_route=%2Fwp%2Fv2%2Fcategories&post=83484"},{"taxonomy":"post_tag","embeddable":true,"href":"https:\/\/ahoramasrd.com.do\/index.php?rest_route=%2Fwp%2Fv2%2Ftags&post=83484"}],"curies":[{"name":"wp","href":"https:\/\/api.w.org\/{rel}","templated":true}]}}