{"id":83487,"date":"2025-02-02T18:18:18","date_gmt":"2025-02-02T22:18:18","guid":{"rendered":"https:\/\/ahoramasrd.com.do\/?p=83487"},"modified":"2025-02-02T18:20:20","modified_gmt":"2025-02-02T22:20:20","slug":"roberto-angel-salcedo-nuevo-ministro-de-cultura","status":"publish","type":"post","link":"https:\/\/ahoramasrd.com.do\/?p=83487","title":{"rendered":"Roberto \u00c1ngel Salcedo nuevo ministro de Cultura"},"content":{"rendered":"\n<p>Santo Domingo.- El presidente de la Rep\u00fablica, Luis Abinader design\u00f3 este domingo, a Roberto Angel Salcedo, como nuevo ministro de Cultura.<\/p>\n\n\n\n<p>El anuncio lo hizo p\u00fablico en su cuenta de X e Instagram, donde tambi\u00e9n inform\u00f3 que Eddy Olivares, es el nuevo ministro de trabajo, y Luis Manuel de Camps, titular de Educaci\u00f3n.<\/p>\n\n\n\n<p>Se recuerda que exist\u00eda el rumor de que el mandatario cambiaria parte de su gabinete en los pr\u00f3ximos d\u00edas.<\/p>\n\n\n\n<p><\/p>\n","protected":false},"excerpt":{"rendered":"<p>Santo Domingo.- El presidente de la Rep\u00fablica, Luis Abinader design\u00f3 este domingo, a Roberto Angel Salcedo, como nuevo ministro de Cultura. El anuncio lo hizo p\u00fablico en su cuenta de X e Instagram, donde tambi\u00e9n inform\u00f3 que Eddy Olivares, es el nuevo ministro de trabajo, y Luis Manuel de Camps, titular de Educaci\u00f3n. Se recuerda [&hellip;]<\/p>\n","protected":false},"author":2,"featured_media":83488,"comment_status":"open","ping_status":"open","sticky":false,"template":"","format":"standard","meta":{"footnotes":""},"categories":[44],"tags":[845,939,58],"class_list":{"0":"post-83487","1":"post","2":"type-post","3":"status-publish","4":"format-standard","5":"has-post-thumbnail","7":"category-actualidad","8":"tag-ahora-mas-rd","9":"tag-cada-minuto-una-verdad","10":"tag-republica-dominicana"},"aioseo_notices":[],"amp_enabled":true,"_links":{"self":[{"href":"https:\/\/ahoramasrd.com.do\/index.php?rest_route=\/wp\/v2\/posts\/83487","targetHints":{"allow":["GET"]}}],"collection":[{"href":"https:\/\/ahoramasrd.com.do\/index.php?rest_route=\/wp\/v2\/posts"}],"about":[{"href":"https:\/\/ahoramasrd.com.do\/index.php?rest_route=\/wp\/v2\/types\/post"}],"author":[{"embeddable":true,"href":"https:\/\/ahoramasrd.com.do\/index.php?rest_route=\/wp\/v2\/users\/2"}],"replies":[{"embeddable":true,"href":"https:\/\/ahoramasrd.com.do\/index.php?rest_route=%2Fwp%2Fv2%2Fcomments&post=83487"}],"version-history":[{"count":0,"href":"https:\/\/ahoramasrd.com.do\/index.php?rest_route=\/wp\/v2\/posts\/83487\/revisions"}],"wp:featuredmedia":[{"embeddable":true,"href":"https:\/\/ahoramasrd.com.do\/index.php?rest_route=\/"}],"wp:attachment":[{"href":"https:\/\/ahoramasrd.com.do\/index.php?rest_route=%2Fwp%2Fv2%2Fmedia&parent=83487"}],"wp:term":[{"taxonomy":"category","embeddable":true,"href":"https:\/\/ahoramasrd.com.do\/index.php?rest_route=%2Fwp%2Fv2%2Fcategories&post=83487"},{"taxonomy":"post_tag","embeddable":true,"href":"https:\/\/ahoramasrd.com.do\/index.php?rest_route=%2Fwp%2Fv2%2Ftags&post=83487"}],"curies":[{"name":"wp","href":"https:\/\/api.w.org\/{rel}","templated":true}]}}