{"id":83490,"date":"2025-02-02T19:33:36","date_gmt":"2025-02-02T23:33:36","guid":{"rendered":"https:\/\/ahoramasrd.com.do\/?p=83490"},"modified":"2025-02-02T19:33:44","modified_gmt":"2025-02-02T23:33:44","slug":"celines-toribio-es-designada-nueva-embajadora-viceministra-de-relaciones-exteriores-para-las-comunidades-dominicanas-en-el-exterior","status":"publish","type":"post","link":"https:\/\/ahoramasrd.com.do\/?p=83490","title":{"rendered":"Celin\u00e9s Toribio es designada nueva embajadora, viceministra de Relaciones Exteriores para las Comunidades Dominicanas en el Exterior"},"content":{"rendered":"\n<p>Santo Domingo.- El presidente de la Rep\u00fablica, Luis Abinader, design\u00f3 a Celin\u00e9s Toribio como nueva embajadora, viceministra de Relaciones Exteriores para las Comunidades Dominicanas en el Exterior.<\/p>\n\n\n\n<p>El anuncio fue realizado inicialmente a trav\u00e9s del canal de WhatsApp del presidente, donde se difundi\u00f3 un infogr\u00e1fico con los detalles del nombramiento, y posteriormente se comparti\u00f3 en las redes sociales oficiales del mandatario.<\/p>\n\n\n\n<p>Celin\u00e9s Toribio, actriz, presentadora, productora y gestora cultural, cuenta con una s\u00f3lida trayectoria en los medios de comunicaci\u00f3n y un fuerte v\u00ednculo con la comunidad dominicana en el extranjero. A lo largo de su carrera, ha trabajado en proyectos que promueven la identidad y el talento dominicano, consolid\u00e1ndose como una embajadora de la cultura nacional en el mundo.<\/p>\n\n\n\n<p>Es licenciada en Comunicaci\u00f3n de Masas y Teatro por el Lehman College de la Universidad de la Ciudad de Nueva York (CUNY) y ha sido reconocida por su liderazgo en iniciativas dirigidas a la di\u00e1spora dominicana. Su experiencia en medios, cine y gesti\u00f3n de eventos la posiciona como una figura clave para fortalecer la relaci\u00f3n entre los dominicanos en el exterior y su pa\u00eds de origen.<\/p>\n\n\n\n<p>Adicionalmente, incluye entre sus funciones la Direcci\u00f3n del Index (Instituto para los Dominicanos y Dominicanas en el Exterior), en el que estar\u00e1 enfocada en la integraci\u00f3n y desarrollo de la di\u00e1spora dominicana, la promoci\u00f3n de oportunidades para los dominicanos en el extranjero y el fortalecimiento de los lazos culturales y econ\u00f3micos con la Rep\u00fablica Dominicana.<\/p>\n\n\n\n<p>Con este nombramiento, el Gobierno reafirma su compromiso con la di\u00e1spora dominicana, impulsando iniciativas que fortalezcan su identidad, participaci\u00f3n y bienestar en sus pa\u00edses de residencia.<\/p>\n","protected":false},"excerpt":{"rendered":"<p>Santo Domingo.- El presidente de la Rep\u00fablica, Luis Abinader, design\u00f3 a Celin\u00e9s Toribio como nueva embajadora, viceministra de Relaciones Exteriores para las Comunidades Dominicanas en el Exterior. El anuncio fue realizado inicialmente a trav\u00e9s del canal de WhatsApp del presidente, donde se difundi\u00f3 un infogr\u00e1fico con los detalles del nombramiento, y posteriormente se comparti\u00f3 en [&hellip;]<\/p>\n","protected":false},"author":2,"featured_media":83491,"comment_status":"open","ping_status":"open","sticky":false,"template":"","format":"standard","meta":{"footnotes":""},"categories":[44],"tags":[845,939,58],"class_list":{"0":"post-83490","1":"post","2":"type-post","3":"status-publish","4":"format-standard","5":"has-post-thumbnail","7":"category-actualidad","8":"tag-ahora-mas-rd","9":"tag-cada-minuto-una-verdad","10":"tag-republica-dominicana"},"aioseo_notices":[],"amp_enabled":true,"_links":{"self":[{"href":"https:\/\/ahoramasrd.com.do\/index.php?rest_route=\/wp\/v2\/posts\/83490","targetHints":{"allow":["GET"]}}],"collection":[{"href":"https:\/\/ahoramasrd.com.do\/index.php?rest_route=\/wp\/v2\/posts"}],"about":[{"href":"https:\/\/ahoramasrd.com.do\/index.php?rest_route=\/wp\/v2\/types\/post"}],"author":[{"embeddable":true,"href":"https:\/\/ahoramasrd.com.do\/index.php?rest_route=\/wp\/v2\/users\/2"}],"replies":[{"embeddable":true,"href":"https:\/\/ahoramasrd.com.do\/index.php?rest_route=%2Fwp%2Fv2%2Fcomments&post=83490"}],"version-history":[{"count":0,"href":"https:\/\/ahoramasrd.com.do\/index.php?rest_route=\/wp\/v2\/posts\/83490\/revisions"}],"wp:featuredmedia":[{"embeddable":true,"href":"https:\/\/ahoramasrd.com.do\/index.php?rest_route=\/"}],"wp:attachment":[{"href":"https:\/\/ahoramasrd.com.do\/index.php?rest_route=%2Fwp%2Fv2%2Fmedia&parent=83490"}],"wp:term":[{"taxonomy":"category","embeddable":true,"href":"https:\/\/ahoramasrd.com.do\/index.php?rest_route=%2Fwp%2Fv2%2Fcategories&post=83490"},{"taxonomy":"post_tag","embeddable":true,"href":"https:\/\/ahoramasrd.com.do\/index.php?rest_route=%2Fwp%2Fv2%2Ftags&post=83490"}],"curies":[{"name":"wp","href":"https:\/\/api.w.org\/{rel}","templated":true}]}}