{"id":83494,"date":"2025-02-02T20:27:06","date_gmt":"2025-02-03T00:27:06","guid":{"rendered":"https:\/\/ahoramasrd.com.do\/?p=83494"},"modified":"2025-02-02T20:27:43","modified_gmt":"2025-02-03T00:27:43","slug":"designan-a-edgar-de-jesus-batista-carrasco-como-director-general-de-la-ogtic","status":"publish","type":"post","link":"https:\/\/ahoramasrd.com.do\/?p=83494","title":{"rendered":"Designan a Edgar de Jes\u00fas Batista Carrasco como Director General de la OGTIC"},"content":{"rendered":"\n<p>Edgar de Jes\u00fas Batista Carrasco ha sido nombrado como el nuevo director general de la Oficina Gubernamental de Tecnolog\u00eda de la Informaci\u00f3n y Comunicaci\u00f3n (OGTIC).<\/p>\n\n\n\n<p>Este cambio forma parte de una reestructuraci\u00f3n en el gabinete del presidente Luis Abinader, que abarca un total de 28 modificaciones en diversas instituciones gubernamentales.<\/p>\n\n\n\n<p>Batista, quien cuenta con una destacada trayectoria en tecnolog\u00eda y gesti\u00f3n p\u00fablica, se desempe\u00f1aba previamente como gerente de tecnolog\u00eda y comunicaciones en el Seguro Nacional de Salud (SeNaSa) desde agosto de 2020. Durante su gesti\u00f3n, fue reconocido por su eficaz implementaci\u00f3n de tecnolog\u00edas de la informaci\u00f3n y comunicaci\u00f3n.<\/p>\n\n\n\n<p>Adem\u00e1s de su experiencia profesional, Batista es miembro del Partido Revolucionario Moderno (PRM) y ha ocupado importantes cargos dentro de la organizaci\u00f3n pol\u00edtica, lo que refuerza su perfil en el \u00e1mbito gubernamental.<\/p>\n","protected":false},"excerpt":{"rendered":"<p>Edgar de Jes\u00fas Batista Carrasco ha sido nombrado como el nuevo director general de la Oficina Gubernamental de Tecnolog\u00eda de la Informaci\u00f3n y Comunicaci\u00f3n (OGTIC). Este cambio forma parte de una reestructuraci\u00f3n en el gabinete del presidente Luis Abinader, que abarca un total de 28 modificaciones en diversas instituciones gubernamentales. Batista, quien cuenta con una [&hellip;]<\/p>\n","protected":false},"author":2,"featured_media":83495,"comment_status":"open","ping_status":"open","sticky":false,"template":"","format":"standard","meta":{"footnotes":""},"categories":[44],"tags":[845,939,58],"class_list":{"0":"post-83494","1":"post","2":"type-post","3":"status-publish","4":"format-standard","5":"has-post-thumbnail","7":"category-actualidad","8":"tag-ahora-mas-rd","9":"tag-cada-minuto-una-verdad","10":"tag-republica-dominicana"},"aioseo_notices":[],"amp_enabled":true,"_links":{"self":[{"href":"https:\/\/ahoramasrd.com.do\/index.php?rest_route=\/wp\/v2\/posts\/83494","targetHints":{"allow":["GET"]}}],"collection":[{"href":"https:\/\/ahoramasrd.com.do\/index.php?rest_route=\/wp\/v2\/posts"}],"about":[{"href":"https:\/\/ahoramasrd.com.do\/index.php?rest_route=\/wp\/v2\/types\/post"}],"author":[{"embeddable":true,"href":"https:\/\/ahoramasrd.com.do\/index.php?rest_route=\/wp\/v2\/users\/2"}],"replies":[{"embeddable":true,"href":"https:\/\/ahoramasrd.com.do\/index.php?rest_route=%2Fwp%2Fv2%2Fcomments&post=83494"}],"version-history":[{"count":0,"href":"https:\/\/ahoramasrd.com.do\/index.php?rest_route=\/wp\/v2\/posts\/83494\/revisions"}],"wp:featuredmedia":[{"embeddable":true,"href":"https:\/\/ahoramasrd.com.do\/index.php?rest_route=\/"}],"wp:attachment":[{"href":"https:\/\/ahoramasrd.com.do\/index.php?rest_route=%2Fwp%2Fv2%2Fmedia&parent=83494"}],"wp:term":[{"taxonomy":"category","embeddable":true,"href":"https:\/\/ahoramasrd.com.do\/index.php?rest_route=%2Fwp%2Fv2%2Fcategories&post=83494"},{"taxonomy":"post_tag","embeddable":true,"href":"https:\/\/ahoramasrd.com.do\/index.php?rest_route=%2Fwp%2Fv2%2Ftags&post=83494"}],"curies":[{"name":"wp","href":"https:\/\/api.w.org\/{rel}","templated":true}]}}