{"id":83509,"date":"2025-02-07T09:03:38","date_gmt":"2025-02-07T13:03:38","guid":{"rendered":"https:\/\/ahoramasrd.com.do\/?p=83509"},"modified":"2025-02-07T09:03:39","modified_gmt":"2025-02-07T13:03:39","slug":"obras-publicas-inicia-tuneles-en-plaza-de-la-bandera-trabajos-provocan-largos-taponamientos","status":"publish","type":"post","link":"https:\/\/ahoramasrd.com.do\/?p=83509","title":{"rendered":"Obras P\u00fablicas inicia t\u00faneles en Plaza de la Bandera; trabajos provocan largos taponamientos"},"content":{"rendered":"\n<p>El Ministerio de Obras P\u00fablicas y Comunicaciones (MOPC) inici\u00f3 los trabajos de construcci\u00f3n de un t\u00fanel en doble sentido en la Plaza de la Bandera, en un esfuerzo por aliviar el congestionamiento vehicular en la avenida Luper\u00f3n. La obra, que abarca un kil\u00f3metro y 300 metros, tiene un plazo estimado de finalizaci\u00f3n de al menos un a\u00f1o y medio, seg\u00fan informaron los ingenieros encargados del proyecto.<\/p>\n\n\n\n<p>Este paso a desnivel, que conectar\u00e1 la zona con la avenida 27 de Febrero, se propone resolver los problemas de tr\u00e1nsito que afectan la circulaci\u00f3n en las horas pico, especialmente en las inmediaciones de la Plaza de la Bandera. Durante las primeras semanas de la construcci\u00f3n, la destrucci\u00f3n parcial de la plaza y las afectaciones en las losetas de la rotonda han generado complicaciones en el tr\u00e1fico, sin embargo, se espera que los beneficios a largo plazo sean una soluci\u00f3n efectiva a las aglomeraciones de veh\u00edculos.<\/p>\n\n\n\n<p>El pasado Ministro de Obras P\u00fablicas, Deligne Ascenci\u00f3n, anunci\u00f3 a inicios de 2024 que este proyecto ser\u00eda parte de una serie de intervenciones que buscan modernizar las principales v\u00edas de acceso y salida en la zona suroeste de la capital. Estas obras incluyen, adem\u00e1s del t\u00fanel en la Plaza de la Bandera, mejoras en la avenida Isabel Aguiar, la Prolongaci\u00f3n 27 de Febrero y la autopista 6 de Noviembre, que son arterias fundamentales para el flujo vehicular en la ciudad.<\/p>\n\n\n\n<p>El t\u00fanel contar\u00e1 con dos carriles por sentido de circulaci\u00f3n, cada uno con un ancho de 3.65 metros, lo que permitir\u00e1 un tr\u00e1fico m\u00e1s fluido y sin obstrucciones. La remodelaci\u00f3n de los alrededores incluir\u00e1 la rehabilitaci\u00f3n de las v\u00edas marginales, la instalaci\u00f3n de nuevos sistemas de drenaje, y la renovaci\u00f3n de la se\u00f1alizaci\u00f3n vial, adem\u00e1s de otras obras complementarias como la instalaci\u00f3n de barreras de seguridad para proteger a los conductores y peatones.<\/p>\n\n\n\n<p>Mientras se espera la culminaci\u00f3n del t\u00fanel, los conductores y transportistas contin\u00faan enfrentando largos tiempos de espera debido a los trabajos en la zona.<\/p>\n\n\n\n<p>Entre los proyectos que tambi\u00e9n se est\u00e1n llevando a cabo en la zona, destaca la construcci\u00f3n de un paso a desnivel en la intersecci\u00f3n de la avenida Isabel Aguiar con la 27 de Febrero, que busca agilizar el tr\u00e1nsito entre el Distrito Nacional, Santo Domingo Oeste y la autopista 6 de Noviembre. Adem\u00e1s, la Prolongaci\u00f3n 27 de Febrero ser\u00e1 ampliada con cinco carriles en sentido este-oeste, incluyendo carriles adicionales para giros en U y una nueva v\u00eda marginal.<\/p>\n","protected":false},"excerpt":{"rendered":"<p>El Ministerio de Obras P\u00fablicas y Comunicaciones (MOPC) inici\u00f3 los trabajos de construcci\u00f3n de un t\u00fanel en doble sentido en la Plaza de la Bandera, en un esfuerzo por aliviar el congestionamiento vehicular en la avenida Luper\u00f3n. La obra, que abarca un kil\u00f3metro y 300 metros, tiene un plazo estimado de finalizaci\u00f3n de al menos [&hellip;]<\/p>\n","protected":false},"author":2,"featured_media":83510,"comment_status":"open","ping_status":"open","sticky":false,"template":"","format":"standard","meta":{"footnotes":""},"categories":[44],"tags":[845,939,58],"class_list":{"0":"post-83509","1":"post","2":"type-post","3":"status-publish","4":"format-standard","5":"has-post-thumbnail","7":"category-actualidad","8":"tag-ahora-mas-rd","9":"tag-cada-minuto-una-verdad","10":"tag-republica-dominicana"},"aioseo_notices":[],"amp_enabled":true,"_links":{"self":[{"href":"https:\/\/ahoramasrd.com.do\/index.php?rest_route=\/wp\/v2\/posts\/83509","targetHints":{"allow":["GET"]}}],"collection":[{"href":"https:\/\/ahoramasrd.com.do\/index.php?rest_route=\/wp\/v2\/posts"}],"about":[{"href":"https:\/\/ahoramasrd.com.do\/index.php?rest_route=\/wp\/v2\/types\/post"}],"author":[{"embeddable":true,"href":"https:\/\/ahoramasrd.com.do\/index.php?rest_route=\/wp\/v2\/users\/2"}],"replies":[{"embeddable":true,"href":"https:\/\/ahoramasrd.com.do\/index.php?rest_route=%2Fwp%2Fv2%2Fcomments&post=83509"}],"version-history":[{"count":0,"href":"https:\/\/ahoramasrd.com.do\/index.php?rest_route=\/wp\/v2\/posts\/83509\/revisions"}],"wp:featuredmedia":[{"embeddable":true,"href":"https:\/\/ahoramasrd.com.do\/index.php?rest_route=\/"}],"wp:attachment":[{"href":"https:\/\/ahoramasrd.com.do\/index.php?rest_route=%2Fwp%2Fv2%2Fmedia&parent=83509"}],"wp:term":[{"taxonomy":"category","embeddable":true,"href":"https:\/\/ahoramasrd.com.do\/index.php?rest_route=%2Fwp%2Fv2%2Fcategories&post=83509"},{"taxonomy":"post_tag","embeddable":true,"href":"https:\/\/ahoramasrd.com.do\/index.php?rest_route=%2Fwp%2Fv2%2Ftags&post=83509"}],"curies":[{"name":"wp","href":"https:\/\/api.w.org\/{rel}","templated":true}]}}