{"id":83530,"date":"2025-02-07T16:14:19","date_gmt":"2025-02-07T20:14:19","guid":{"rendered":"https:\/\/ahoramasrd.com.do\/?p=83530"},"modified":"2025-02-07T16:14:20","modified_gmt":"2025-02-07T20:14:20","slug":"raquel-pena-y-paino-henriquez-inician-temporada-de-prevencion-de-incendios-forestales-con-inversion-historica-en-equipamiento","status":"publish","type":"post","link":"https:\/\/ahoramasrd.com.do\/?p=83530","title":{"rendered":"Raquel Pe\u00f1a y Pa\u00edno Henr\u00edquez inician Temporada de Prevenci\u00f3n de Incendios Forestales con inversi\u00f3n hist\u00f3rica en equipamiento"},"content":{"rendered":"\n<p>El Gobierno ha invertido RD$300 millones en dotaci\u00f3n de equipos para bomberos forestales y guardaparques, incluyendo veh\u00edculos y herramientas especializadas, as\u00ed como mejoras salariales.<br>Constanza, RD.- Con un llamado a toda la ciudadan\u00eda a unir esfuerzos a favor de la protecci\u00f3n de los bosques del pa\u00eds, y con la entrega de nuevas herramientas para bomberos forestales y guardaparques, el Ministerio de Medio Ambiente y Recursos Naturales dio inicio a la Temporada de Prevenci\u00f3n de Incendios Forestales 2025, en un acto encabezado por la vicepresidenta de la Rep\u00fablica, Raquel Pe\u00f1a, y el ministro Pa\u00edno Henr\u00edquez.<\/p>\n\n\n\n<p>Durante el evento, que se realiz\u00f3 en la comunidad Portezuelo, en Constanza, provincia La Vega, la vicepresidenta destac\u00f3 como el lanzamiento de la Temporada de Prevenci\u00f3n de Incendios Forestales marca el inicio de un esfuerzo colectivo para proteger el patrimonio ambiental de todos los dominicanos.<\/p>\n\n\n\n<p>Pe\u00f1a subray\u00f3 que cuidar de las \u00e1reas protegidas es, a la vez, conservar los recursos naturales y la integridad de todo el pa\u00eds, por lo que \u201ctodos los organismos del gobierno est\u00e1n llamados a proteger y apoyar este plan, y la invitaci\u00f3n tambi\u00e9n es extensiva al sector privado y toda la sociedad dominicana, pues este, es un tema neur\u00e1lgico de importancia nacional, en el que cada dominicano tiene una participaci\u00f3n significativa\u201d.<\/p>\n\n\n\n<p>\u201cTodos somos guardianes de nuestras monta\u00f1as y nuestros recursos naturales\u201d, enfatiz\u00f3, al tiempo que sostuvo que bajo el liderazgo del presidente Luis Abinader, el Gobierno ha adoptado una pol\u00edtica de tolerancia cero ante los delitos ambientales y tambi\u00e9n se realizan los esfuerzos para incluir la educaci\u00f3n ambiental como parte de la formaci\u00f3n acad\u00e9mica en el pa\u00eds.<\/p>\n\n\n\n<p>De su lado, Pa\u00edno Henr\u00edquez record\u00f3 que es necesario cuidar los bosques, debido a que su preservaci\u00f3n es fundamental para el equilibrio de la vida en el pa\u00eds. \u201cSon la base de nuestra biodiversidad, y proporcionan una amplia gama de productos y servicios ecosist\u00e9micos que impactan directamente en el bienestar de todos los seres vivos, especialmente los seres humanos\u201d, manifest\u00f3.<\/p>\n\n\n\n<p>En ese orden, el ministro destac\u00f3 la labor que han hecho los bomberos forestales, a quienes calific\u00f3 como una pieza imprescindible para garantizar la prevenci\u00f3n y control de los incendios forestales y para quienes anunci\u00f3 un aumento del 33% para sus remuneraciones mensuales.<\/p>\n\n\n\n<p>\u201cEstos valientes hombres y mujeres est\u00e1n en la primera l\u00ednea de batalla contra los incendios forestales, enfrentando retos con valent\u00eda y dedicaci\u00f3n. Por ello, desde este Ministerio estamos trabajando arduamente para dotarlos de mejores equipos, herramientas, formaci\u00f3n y los recursos necesarios para que puedan desempe\u00f1ar su labor con la m\u00e1xima eficiencia y seguridad\u201d, expres\u00f3.<\/p>\n\n\n\n<p>Entrega de herramientas en tiempo r\u00e9cord<\/p>\n\n\n\n<p>Asimismo, revel\u00f3 que, desde el inicio de su gesti\u00f3n, por primera vez se ha priorizado dotar al personal que trabaja en las \u00e1reas protegidas con herramientas necesarias, para lo cual se ha invertido, en tiempo r\u00e9cord, cerca de 300 millones de pesos para el equipamiento de los bomberos forestales, el Programa Nacional de Manejo del Fuego, equipos de fiscalizaci\u00f3n y prevenci\u00f3n, entre otros.<\/p>\n\n\n\n<p>Detall\u00f3 que Medio Ambiente destin\u00f3 234 millones de pesos a la adquisici\u00f3n de 50 camionetas 4\u00d74, 58 motores, dos retropalas 4\u00d74 y dos retroexcavadoras, mientras que para los bomberos forestales, destin\u00f3 23 millones de pesos en uniformes, motobombas, sopladores, sierras de altura y motosierras.<\/p>\n\n\n\n<p>Pa\u00edno Henr\u00edquez indic\u00f3 tambi\u00e9n que la instituci\u00f3n est\u00e1 haciendo una inversi\u00f3n de m\u00e1s de siete millones de pesos en adquisici\u00f3n de uniformes para 1,400 guardaparques y otros 14 millones de pesos en contratos con la Industria Nacional de la Aguja (Inaguja) para elaborar la indumentaria para el resto del personal de apoyo. Sumado a estos esfuerzos, indic\u00f3 el ministro, mediante acuerdos de donaciones, se recibir\u00e1n 40 cuatrimotos para fortalecer el patrullaje en las \u00e1reas protegidas.<\/p>\n\n\n\n<p>Sobre el compromiso que asume Medio Ambiente, el ministro expres\u00f3 que la instituci\u00f3n trabaja constantemente en el fortalecimiento de sus sistemas de respuesta y de alerta temprana ante cualquier emergencia.<\/p>\n\n\n\n<p>Pese a esto, Pa\u00edno Henr\u00edquez acot\u00f3 que la tarea de prevenir los incendios forestales no es responsabilidad exclusiva del Ministerio ni de los bomberos forestales, sino que se trata de un trabajo de toda la ciudadan\u00eda. \u201cEs esencial que cada uno de nosotros tome conciencia de nuestras acciones y adopte pr\u00e1cticas responsables que ayuden a evitar situaciones que puedan generar incendios. Debemos ser vigilantes y proactivos en la protecci\u00f3n de nuestros bosques\u201d, coment\u00f3.<\/p>\n\n\n\n<p>En este sentido, llam\u00f3 a toda la sociedad a unirse a este esfuerzo colectivo y a cumplir con las recomendaciones dictadas por el Ministerio y los especialistas en la materia e inst\u00f3 reportar cualquier actividad sospechosa, humo o fuego que puedan observar en las \u00e1reas forestales.<\/p>\n\n\n\n<p>Al evento asistieron los viceministros de Recursos Forestales, de \u00c1reas Protegidas y Biodiversidad, de Gesti\u00f3n Ambiental, de Cambio Clim\u00e1tico y Sostenibilidad, y de Recursos Costeros y Marinos, Jos\u00e9 El\u00edas Gonz\u00e1lez, Carlos Batista, Lenin Bueno, Ana Emilia Pimentel y Jos\u00e9 Ram\u00f3n Reyes, respectivamente.<\/p>\n\n\n\n<p>Tambi\u00e9n, el senador de La Vega, Ram\u00f3n Rogelio Genao, el diputado de esa demarcaci\u00f3n, Rogelio Genao, la gobernadora provincial, Luisa de la Mota, el alcalde de Constanza, Francisco Marte, el director del Programa Nacional de Manejo del Fuego, Ger\u00f3nimo Abreu, entre otras autoridades.<\/p>\n","protected":false},"excerpt":{"rendered":"<p>El Gobierno ha invertido RD$300 millones en dotaci\u00f3n de equipos para bomberos forestales y guardaparques, incluyendo veh\u00edculos y herramientas especializadas, as\u00ed como mejoras salariales.Constanza, RD.- Con un llamado a toda la ciudadan\u00eda a unir esfuerzos a favor de la protecci\u00f3n de los bosques del pa\u00eds, y con la entrega de nuevas herramientas para bomberos forestales [&hellip;]<\/p>\n","protected":false},"author":2,"featured_media":83531,"comment_status":"open","ping_status":"open","sticky":false,"template":"","format":"standard","meta":{"footnotes":""},"categories":[44],"tags":[845,939,58],"class_list":{"0":"post-83530","1":"post","2":"type-post","3":"status-publish","4":"format-standard","5":"has-post-thumbnail","7":"category-actualidad","8":"tag-ahora-mas-rd","9":"tag-cada-minuto-una-verdad","10":"tag-republica-dominicana"},"aioseo_notices":[],"amp_enabled":true,"_links":{"self":[{"href":"https:\/\/ahoramasrd.com.do\/index.php?rest_route=\/wp\/v2\/posts\/83530","targetHints":{"allow":["GET"]}}],"collection":[{"href":"https:\/\/ahoramasrd.com.do\/index.php?rest_route=\/wp\/v2\/posts"}],"about":[{"href":"https:\/\/ahoramasrd.com.do\/index.php?rest_route=\/wp\/v2\/types\/post"}],"author":[{"embeddable":true,"href":"https:\/\/ahoramasrd.com.do\/index.php?rest_route=\/wp\/v2\/users\/2"}],"replies":[{"embeddable":true,"href":"https:\/\/ahoramasrd.com.do\/index.php?rest_route=%2Fwp%2Fv2%2Fcomments&post=83530"}],"version-history":[{"count":0,"href":"https:\/\/ahoramasrd.com.do\/index.php?rest_route=\/wp\/v2\/posts\/83530\/revisions"}],"wp:featuredmedia":[{"embeddable":true,"href":"https:\/\/ahoramasrd.com.do\/index.php?rest_route=\/"}],"wp:attachment":[{"href":"https:\/\/ahoramasrd.com.do\/index.php?rest_route=%2Fwp%2Fv2%2Fmedia&parent=83530"}],"wp:term":[{"taxonomy":"category","embeddable":true,"href":"https:\/\/ahoramasrd.com.do\/index.php?rest_route=%2Fwp%2Fv2%2Fcategories&post=83530"},{"taxonomy":"post_tag","embeddable":true,"href":"https:\/\/ahoramasrd.com.do\/index.php?rest_route=%2Fwp%2Fv2%2Ftags&post=83530"}],"curies":[{"name":"wp","href":"https:\/\/api.w.org\/{rel}","templated":true}]}}