{"id":83536,"date":"2025-02-07T18:35:56","date_gmt":"2025-02-07T22:35:56","guid":{"rendered":"https:\/\/ahoramasrd.com.do\/?p=83536"},"modified":"2025-02-07T18:35:57","modified_gmt":"2025-02-07T22:35:57","slug":"paliza-supervisa-avances-en-la-extension-de-la-linea-2c-del-metro-hacia-los-alcarrizos-entrara-en-funcionamiento-a-finales-de-ano","status":"publish","type":"post","link":"https:\/\/ahoramasrd.com.do\/?p=83536","title":{"rendered":"Paliza supervisa avances en la extensi\u00f3n de la L\u00ednea 2C del Metro hacia Los Alcarrizos; entrar\u00e1 en funcionamiento a finales de a\u00f1o"},"content":{"rendered":"\n<p>La obra beneficiar\u00e1 a m\u00e1s de un mill\u00f3n de personas y cuenta con una inversi\u00f3n total superior a los 30 mil millones de pesos.<br>Santo Domingo.- El ministro de la Presidencia, Jos\u00e9 Ignacio Paliza, realiz\u00f3 un recorrido de supervisi\u00f3n por las distintas estaciones y obras adyacentes de la construcci\u00f3n de la extensi\u00f3n de la L\u00ednea 2C del Metro de Santo Domingo hacia Los Alcarrizos, el cual abarca un tramo de 7.3 kil\u00f3metros y que formar\u00e1 parte del sistema de transporte integrado Metro-Telef\u00e9rico de Santo Domingo.<\/p>\n\n\n\n<p>\u201cEn cumplimiento con nuestras funciones como Ministerio de la Presidencia, damos seguimiento y a las obras prioritarias del gobierno, as\u00ed como sus principales metas, para evaluar y tomar decisiones. Esta obra est\u00e1 en un nivel alt\u00edsimo de ejecuci\u00f3n y se tiene previsto que a medida dos de a\u00f1o estemos haciendo la prueba con el material rodante y que antes de culminar el a\u00f1o est\u00e9 en su total funcionamiento\u201d, manifest\u00f3 Paliza.<\/p>\n\n\n\n<p>El titular del MINPRE destac\u00f3 adem\u00e1s que esta obra, la cual conlleva una inversi\u00f3n superior a los RD$30 mil millones de pesos, tendr\u00e1 un gran impacto social en la poblaci\u00f3n que habita en Los Alcarrizos y zonas aleda\u00f1as, beneficiando a m\u00e1s de un mill\u00f3n de personas y contribuyendo al embellecimiento de la entrada a Santo Domingo, que por d\u00e9cadas ha estado arrabalizada. Inform\u00f3, tambi\u00e9n, la llegada de nuevos trenes en el mes de julio que ser\u00e1n incorporados a la l\u00ednea 1 y 2 del Metro de Santo Domingo, que vendr\u00e1n a reforzar la demanda actual del servicio de transporte.<\/p>\n\n\n\n<p>De su parte, el director ejecutivo de la OPRET, Ing. Rafael Santos P\u00e9rez, explic\u00f3 que este proyecto avanza de acuerdo a lo previsto, por lo que se prev\u00e9 que la obra civil culmine en el segundo trimestre de este a\u00f1o.<\/p>\n\n\n\n<p>\u201cEstos trabajos est\u00e1n bastante avanzados. La construcci\u00f3n se ha dividido en tres etapas que incluye la parte civil, completada en un 95%; la parte electromec\u00e1nica que est\u00e1 entre un 70-75% y la parte t\u00e9cnica que se realizar\u00e1 cuando concluyan las dos primeras. Asimismo, estamos trabajando en la construcci\u00f3n de una v\u00eda marginal que convertir\u00e1 a la Autopista Duarte en un expreso desde Los Alcarrizos hasta el kil\u00f3metro 9, as\u00ed como obras conexas como parqueos, las cuales se encuentran avanzadas\u201d, dijo el ingeniero.<br>El recorrido del ministro Paliza y del director de la OPRET inici\u00f3 en la estaci\u00f3n Los Alcarrizos, ubicada en la Autopista Juan Pablo Duarte, pr\u00f3ximo al Telef\u00e9rico de Los Alcarrizos, incluyendo la supervisi\u00f3n del tramo elevado y v\u00edas f\u00e9rreas; el t\u00fanel y su interconexi\u00f3n con la Estaci\u00f3n Mar\u00eda Montez, ubicada en el Kil\u00f3metro 9 de la referida autopista; as\u00ed como los trabajos de conexi\u00f3n con la L\u00ednea 1 y 2 del Metro de Santo Domingo y finaliz\u00f3 en la Estaci\u00f3n de interconexi\u00f3n Juan Pablo Duarte.<\/p>\n\n\n\n<p>En el recorrido estuvo presente la viceministra de Relaciones Institucionales, Mar\u00eda Del Pilar Ca\u00f1as y el viceministro de Proyectos de Inversi\u00f3n, Camel Curi.<\/p>\n","protected":false},"excerpt":{"rendered":"<p>La obra beneficiar\u00e1 a m\u00e1s de un mill\u00f3n de personas y cuenta con una inversi\u00f3n total superior a los 30 mil millones de pesos.Santo Domingo.- El ministro de la Presidencia, Jos\u00e9 Ignacio Paliza, realiz\u00f3 un recorrido de supervisi\u00f3n por las distintas estaciones y obras adyacentes de la construcci\u00f3n de la extensi\u00f3n de la L\u00ednea 2C [&hellip;]<\/p>\n","protected":false},"author":2,"featured_media":83537,"comment_status":"open","ping_status":"open","sticky":false,"template":"","format":"standard","meta":{"footnotes":""},"categories":[44],"tags":[845,939,58],"class_list":{"0":"post-83536","1":"post","2":"type-post","3":"status-publish","4":"format-standard","5":"has-post-thumbnail","7":"category-actualidad","8":"tag-ahora-mas-rd","9":"tag-cada-minuto-una-verdad","10":"tag-republica-dominicana"},"aioseo_notices":[],"amp_enabled":true,"_links":{"self":[{"href":"https:\/\/ahoramasrd.com.do\/index.php?rest_route=\/wp\/v2\/posts\/83536","targetHints":{"allow":["GET"]}}],"collection":[{"href":"https:\/\/ahoramasrd.com.do\/index.php?rest_route=\/wp\/v2\/posts"}],"about":[{"href":"https:\/\/ahoramasrd.com.do\/index.php?rest_route=\/wp\/v2\/types\/post"}],"author":[{"embeddable":true,"href":"https:\/\/ahoramasrd.com.do\/index.php?rest_route=\/wp\/v2\/users\/2"}],"replies":[{"embeddable":true,"href":"https:\/\/ahoramasrd.com.do\/index.php?rest_route=%2Fwp%2Fv2%2Fcomments&post=83536"}],"version-history":[{"count":0,"href":"https:\/\/ahoramasrd.com.do\/index.php?rest_route=\/wp\/v2\/posts\/83536\/revisions"}],"wp:featuredmedia":[{"embeddable":true,"href":"https:\/\/ahoramasrd.com.do\/index.php?rest_route=\/"}],"wp:attachment":[{"href":"https:\/\/ahoramasrd.com.do\/index.php?rest_route=%2Fwp%2Fv2%2Fmedia&parent=83536"}],"wp:term":[{"taxonomy":"category","embeddable":true,"href":"https:\/\/ahoramasrd.com.do\/index.php?rest_route=%2Fwp%2Fv2%2Fcategories&post=83536"},{"taxonomy":"post_tag","embeddable":true,"href":"https:\/\/ahoramasrd.com.do\/index.php?rest_route=%2Fwp%2Fv2%2Ftags&post=83536"}],"curies":[{"name":"wp","href":"https:\/\/api.w.org\/{rel}","templated":true}]}}