{"id":83542,"date":"2025-02-07T21:32:45","date_gmt":"2025-02-08T01:32:45","guid":{"rendered":"https:\/\/ahoramasrd.com.do\/?p=83542"},"modified":"2025-02-07T21:32:45","modified_gmt":"2025-02-08T01:32:45","slug":"presidente-abinader-inicia-este-domingo-el-programa-el-gobierno-contigo-inaugurara-cinco-nuevas-obras","status":"publish","type":"post","link":"https:\/\/ahoramasrd.com.do\/?p=83542","title":{"rendered":"Presidente Abinader inicia este domingo el programa El Gobierno Contigo; Inaugurar\u00e1 cinco nuevas obras"},"content":{"rendered":"\n<p>telegram sharing button Compartirwhatsapp sharing button Compartir<br>El Gobierno Contigo, as\u00ed se llama el programa que desde este domingo pondr\u00e1 en marcha el presidente Luis Abinader y que procura acercar cada vez m\u00e1s a las instituciones p\u00fablicas de asistencia social con la poblaci\u00f3n.<\/p>\n\n\n\n<p>Las instituciones involucradas desarrollar\u00e1n jornadas de soluci\u00f3n a problemas puntuales en los barrios del gran Santo Domingo y zonas aleda\u00f1as.<\/p>\n\n\n\n<p>El Gobierno Contigo se inicia el domingo en Santo Domingo Norte como parte de la agenda de fin de semana del presidente Abinader quien este s\u00e1bado contin\u00faa su programa de inauguraciones.<\/p>\n\n\n\n<p>El mandatario inaugurar\u00e1 cinco obras este s\u00e1bado y tambi\u00e9n el domingo como parte de su meta para mejorar la calidad de vida y llevar soluciones a la poblaci\u00f3n dominicana.<\/p>\n\n\n\n<p>S\u00e1bado 8<br>La agenda del mandatario iniciar\u00e1 el s\u00e1bado a las 10:30 de la ma\u00f1ana con la inauguraci\u00f3n del remozado Polideportivo Tony Barreiro de la Universidad Aut\u00f3noma de Santo Domingo (UASD), y continuar\u00e1 con la inauguraci\u00f3n del nuevo Edificio Corporativo Reservas y oficina comercial en la avenida John F. Kennedy.<\/p>\n\n\n\n<p>M\u00e1s adelante, el jefe de Estado encabezar\u00e1 la inauguraci\u00f3n del remozado Museo del Deporte en el Estadio Ol\u00edmpico Juan Pablo Duarte y terminar\u00e1 con la inauguraci\u00f3n del remozado Club Deportivo y Cultural del Barrio Mejoramiento Social (BAMESO).<\/p>\n\n\n\n<p>Domingo 9<br>En tanto, el domingo el presidente Abinader dar\u00e1 inicio a su agenda a las 10:00 de la ma\u00f1ana con una visita al centro operativo de la Alcald\u00eda de Santo Domingo Norte, ubicado en el tri\u00e1ngulo frente a la Escuela Emma Balaguer de Vallejo en el sector Lotes y Servicios. Luego, el gobernante visitar\u00e1 la jornada del programa \u201cPrimero T\u00fa\u201d en la referida escuela.<\/p>\n\n\n\n<p>Posteriormente, realizar\u00e1 una visita a la construcci\u00f3n de la policl\u00ednica y a la construcci\u00f3n de los peatonales B6 Y B5 en el mismo sector Lotes y Servicios.<\/p>\n\n\n\n<p>Asimismo, Abinader visitar\u00e1 el proceso de asfaltado en el sector Brisas del Este y asistir\u00e1 a la apertura del Programa 14\/24 en la Escuela Miguel Sierra del sector Libertad.<\/p>\n\n\n\n<p>El mandatario tambi\u00e9n inaugurar\u00e1 una escuela en el sector Colinas del Mara\u00f1\u00f3n; luego visitar\u00e1 el proyecto de reparaci\u00f3n de viviendas en el sector Altos de Chav\u00f3n; y finalmente, presidir\u00e1 el lanzamiento del programa \u201cEl Gobierno Contigo\u201d, en el Club Ra\u00fal Castro, en el sector Barrio Nuevo.<\/p>\n","protected":false},"excerpt":{"rendered":"<p>telegram sharing button Compartirwhatsapp sharing button CompartirEl Gobierno Contigo, as\u00ed se llama el programa que desde este domingo pondr\u00e1 en marcha el presidente Luis Abinader y que procura acercar cada vez m\u00e1s a las instituciones p\u00fablicas de asistencia social con la poblaci\u00f3n. Las instituciones involucradas desarrollar\u00e1n jornadas de soluci\u00f3n a problemas puntuales en los barrios [&hellip;]<\/p>\n","protected":false},"author":2,"featured_media":83543,"comment_status":"open","ping_status":"open","sticky":false,"template":"","format":"standard","meta":{"footnotes":""},"categories":[44],"tags":[845,939,58],"class_list":{"0":"post-83542","1":"post","2":"type-post","3":"status-publish","4":"format-standard","5":"has-post-thumbnail","7":"category-actualidad","8":"tag-ahora-mas-rd","9":"tag-cada-minuto-una-verdad","10":"tag-republica-dominicana"},"aioseo_notices":[],"amp_enabled":true,"_links":{"self":[{"href":"https:\/\/ahoramasrd.com.do\/index.php?rest_route=\/wp\/v2\/posts\/83542","targetHints":{"allow":["GET"]}}],"collection":[{"href":"https:\/\/ahoramasrd.com.do\/index.php?rest_route=\/wp\/v2\/posts"}],"about":[{"href":"https:\/\/ahoramasrd.com.do\/index.php?rest_route=\/wp\/v2\/types\/post"}],"author":[{"embeddable":true,"href":"https:\/\/ahoramasrd.com.do\/index.php?rest_route=\/wp\/v2\/users\/2"}],"replies":[{"embeddable":true,"href":"https:\/\/ahoramasrd.com.do\/index.php?rest_route=%2Fwp%2Fv2%2Fcomments&post=83542"}],"version-history":[{"count":0,"href":"https:\/\/ahoramasrd.com.do\/index.php?rest_route=\/wp\/v2\/posts\/83542\/revisions"}],"wp:featuredmedia":[{"embeddable":true,"href":"https:\/\/ahoramasrd.com.do\/index.php?rest_route=\/"}],"wp:attachment":[{"href":"https:\/\/ahoramasrd.com.do\/index.php?rest_route=%2Fwp%2Fv2%2Fmedia&parent=83542"}],"wp:term":[{"taxonomy":"category","embeddable":true,"href":"https:\/\/ahoramasrd.com.do\/index.php?rest_route=%2Fwp%2Fv2%2Fcategories&post=83542"},{"taxonomy":"post_tag","embeddable":true,"href":"https:\/\/ahoramasrd.com.do\/index.php?rest_route=%2Fwp%2Fv2%2Ftags&post=83542"}],"curies":[{"name":"wp","href":"https:\/\/api.w.org\/{rel}","templated":true}]}}