{"id":83545,"date":"2025-02-07T22:36:32","date_gmt":"2025-02-08T02:36:32","guid":{"rendered":"https:\/\/ahoramasrd.com.do\/?p=83545"},"modified":"2025-02-07T22:36:33","modified_gmt":"2025-02-08T02:36:33","slug":"david-collado-comparte-su-debilidad-por-los-dulces-tras-agenda-en-argentina","status":"publish","type":"post","link":"https:\/\/ahoramasrd.com.do\/?p=83545","title":{"rendered":"David Collado comparte su \"debilidad\" por los dulces tras agenda en Argentina"},"content":{"rendered":"\n<p>El ministro de Turismo de la Rep\u00fablica Dominicana, David Collado, comparti\u00f3 en sus redes sociales un mensaje que muestra su lado m\u00e1s cercano y espont\u00e1neo.<\/p>\n\n\n\n<p>Tras concluir una intensa agenda en el Cono Sur, con su \u00faltima parada en Buenos Aires, Argentina, el funcionario revel\u00f3 su amor por los dulces t\u00edpicos del pa\u00eds sudamericano.<\/p>\n\n\n\n<p>\u201cLuego de una larga agenda en el Cono Sur, terminando en Buenos Aires, Argentina\u2026 me par\u00e9 por mi debilidad: dulce de leche y alfajores. (El taxista me estaba haciendo bullying y le brind\u00e9 \ud83d\ude09)\u201d, escribi\u00f3 Collado en su cuenta, acompa\u00f1ando el mensaje con im\u00e1genes de su experiencia.<\/p>\n","protected":false},"excerpt":{"rendered":"<p>El ministro de Turismo de la Rep\u00fablica Dominicana, David Collado, comparti\u00f3 en sus redes sociales un mensaje que muestra su lado m\u00e1s cercano y espont\u00e1neo. Tras concluir una intensa agenda en el Cono Sur, con su \u00faltima parada en Buenos Aires, Argentina, el funcionario revel\u00f3 su amor por los dulces t\u00edpicos del pa\u00eds sudamericano. \u201cLuego [&hellip;]<\/p>\n","protected":false},"author":2,"featured_media":83546,"comment_status":"open","ping_status":"open","sticky":false,"template":"","format":"standard","meta":{"footnotes":""},"categories":[44],"tags":[845,939,58],"class_list":{"0":"post-83545","1":"post","2":"type-post","3":"status-publish","4":"format-standard","5":"has-post-thumbnail","7":"category-actualidad","8":"tag-ahora-mas-rd","9":"tag-cada-minuto-una-verdad","10":"tag-republica-dominicana"},"aioseo_notices":[],"amp_enabled":true,"_links":{"self":[{"href":"https:\/\/ahoramasrd.com.do\/index.php?rest_route=\/wp\/v2\/posts\/83545","targetHints":{"allow":["GET"]}}],"collection":[{"href":"https:\/\/ahoramasrd.com.do\/index.php?rest_route=\/wp\/v2\/posts"}],"about":[{"href":"https:\/\/ahoramasrd.com.do\/index.php?rest_route=\/wp\/v2\/types\/post"}],"author":[{"embeddable":true,"href":"https:\/\/ahoramasrd.com.do\/index.php?rest_route=\/wp\/v2\/users\/2"}],"replies":[{"embeddable":true,"href":"https:\/\/ahoramasrd.com.do\/index.php?rest_route=%2Fwp%2Fv2%2Fcomments&post=83545"}],"version-history":[{"count":0,"href":"https:\/\/ahoramasrd.com.do\/index.php?rest_route=\/wp\/v2\/posts\/83545\/revisions"}],"wp:featuredmedia":[{"embeddable":true,"href":"https:\/\/ahoramasrd.com.do\/index.php?rest_route=\/"}],"wp:attachment":[{"href":"https:\/\/ahoramasrd.com.do\/index.php?rest_route=%2Fwp%2Fv2%2Fmedia&parent=83545"}],"wp:term":[{"taxonomy":"category","embeddable":true,"href":"https:\/\/ahoramasrd.com.do\/index.php?rest_route=%2Fwp%2Fv2%2Fcategories&post=83545"},{"taxonomy":"post_tag","embeddable":true,"href":"https:\/\/ahoramasrd.com.do\/index.php?rest_route=%2Fwp%2Fv2%2Ftags&post=83545"}],"curies":[{"name":"wp","href":"https:\/\/api.w.org\/{rel}","templated":true}]}}