{"id":84232,"date":"2025-03-19T22:40:25","date_gmt":"2025-03-20T02:40:25","guid":{"rendered":"https:\/\/ahoramasrd.com.do\/?p=84232"},"modified":"2025-03-19T22:40:25","modified_gmt":"2025-03-20T02:40:25","slug":"prodominicana-realiza-encuentro-estrategico-con-representantes-del-sector-privado","status":"publish","type":"post","link":"https:\/\/ahoramasrd.com.do\/?p=84232","title":{"rendered":"ProDominicana realiza encuentro estrat\u00e9gico con representantes del sector privado"},"content":{"rendered":"\n<p>Santo Domingo, RD \u2013 El Centro de Exportaci\u00f3n e Inversi\u00f3n de la Rep\u00fablica Dominicana (ProDominicana) llev\u00f3 a cabo un encuentro estrat\u00e9gico con representantes del sector privado, con el objetivo de fomentar un di\u00e1logo abierto sobre las oportunidades y desaf\u00edos en el comercio exterior y la atracci\u00f3n de inversi\u00f3n extranjera directa.<\/p>\n\n\n\n<p>La actividad, encabezada por la directora ejecutiva de ProDominicana, Biviana Riveiro Disla, cont\u00f3 con la participaci\u00f3n de entidades claves de Rep\u00fablica Dominicana en la definici\u00f3n de pol\u00edticas y estrategias para fortalecer el posicionamiento del pa\u00eds en los mercados internacionales.<\/p>\n\n\n\n<p>\u201cQueremos seguir estrechando las relaciones con los diferentes sectores dominicanos, es por ello por lo que hemos realizado un conversatorio donde intercambiamos de ideas, proyecciones y mejoras ante las exportaciones y sus procesos, al tiempo que generamos una sinergia de conocimientos para la atracci\u00f3n de Inversi\u00f3n Extranjera Directa\u201d, expres\u00f3 Riveiro.<\/p>\n\n\n\n<p>Durante la jornada, los empresarios compartieron sus experiencias y expectativas respecto al fomento exportador de bienes y servicios, as\u00ed como los mecanismos para incrementar la inversi\u00f3n extranjera en sectores estrat\u00e9gicos del pa\u00eds. El encuentro permiti\u00f3 a los empresarios presentar sus pol\u00edticas, planes y enfoques en materia de exportaciones, destacando la importancia de la innovaci\u00f3n, la competitividad y la diversificaci\u00f3n de mercados.<\/p>\n\n\n\n<p>Asimismo, se discutieron estrategias para mejorar la eficiencia en los procesos log\u00edsticos, optimizar la cadena de suministro y fortalecer la marca pa\u00eds como un destino atractivo para la inversi\u00f3n.<\/p>\n\n\n\n<p>El encuentro reafirm\u00f3 el compromiso de ProDominicana de continuar promoviendo espacios de di\u00e1logo con el sector privado, con miras a seguir impulsando el crecimiento de las exportaciones dominicanas y consolidando a la Rep\u00fablica Dominicana como un destino ideal para la inversi\u00f3n extranjera.<\/p>\n\n\n\n<p>Crecimiento de las exportaciones<\/p>\n\n\n\n<p>Febrero 2025 marca nuestro onceavo mes consecutivo de crecimiento en las exportaciones, alcanzando un total de US$986.7 millones, con una tasa de crecimiento interanual de 1.4% y una variaci\u00f3n absoluta de US$13.3 millones respecto a febrero 2024.<\/p>\n\n\n\n<p>Las exportaciones acumuladas enero-febrero 2025 totalizaron US$1,965.8 millones. Este crecimiento interanual del 8.5% fue impulsado por el aumento en exportaciones de cacao en grano, oro en bruto, cemento Portland y art\u00edculos de joyer\u00eda.<\/p>\n\n\n\n<p>Adem\u00e1s de otros productos como; Cacao en grano US$25.5 millones (+212.9%), caf\u00e9 tostado sin descafeinar US$5.2 millones (+1067.1%), tabaco sin desvenar, con una variaci\u00f3n absoluta de US$3.3 millones. (+38.3) y los aguacates US$2.1 millones (+30%).<\/p>\n\n\n\n<p>En cuanto a los mercados de destino: Estados Unidos sigue liderando las exportaciones con US$539.7 millones, representando un 54.7% del total exportado, Hait\u00ed se posiciona en segundo lugar con US$83.8 millones, destacando un crecimiento del 30.3%, y la India ocupa el tercer puesto con US$74.6 millones, con una variaci\u00f3n positiva de 1.3%.<\/p>\n","protected":false},"excerpt":{"rendered":"<p>Santo Domingo, RD \u2013 El Centro de Exportaci\u00f3n e Inversi\u00f3n de la Rep\u00fablica Dominicana (ProDominicana) llev\u00f3 a cabo un encuentro estrat\u00e9gico con representantes del sector privado, con el objetivo de fomentar un di\u00e1logo abierto sobre las oportunidades y desaf\u00edos en el comercio exterior y la atracci\u00f3n de inversi\u00f3n extranjera directa. La actividad, encabezada por la [&hellip;]<\/p>\n","protected":false},"author":2,"featured_media":84233,"comment_status":"open","ping_status":"open","sticky":false,"template":"","format":"standard","meta":{"footnotes":""},"categories":[44],"tags":[845,939,58],"class_list":{"0":"post-84232","1":"post","2":"type-post","3":"status-publish","4":"format-standard","5":"has-post-thumbnail","7":"category-actualidad","8":"tag-ahora-mas-rd","9":"tag-cada-minuto-una-verdad","10":"tag-republica-dominicana"},"aioseo_notices":[],"amp_enabled":true,"_links":{"self":[{"href":"https:\/\/ahoramasrd.com.do\/index.php?rest_route=\/wp\/v2\/posts\/84232","targetHints":{"allow":["GET"]}}],"collection":[{"href":"https:\/\/ahoramasrd.com.do\/index.php?rest_route=\/wp\/v2\/posts"}],"about":[{"href":"https:\/\/ahoramasrd.com.do\/index.php?rest_route=\/wp\/v2\/types\/post"}],"author":[{"embeddable":true,"href":"https:\/\/ahoramasrd.com.do\/index.php?rest_route=\/wp\/v2\/users\/2"}],"replies":[{"embeddable":true,"href":"https:\/\/ahoramasrd.com.do\/index.php?rest_route=%2Fwp%2Fv2%2Fcomments&post=84232"}],"version-history":[{"count":0,"href":"https:\/\/ahoramasrd.com.do\/index.php?rest_route=\/wp\/v2\/posts\/84232\/revisions"}],"wp:featuredmedia":[{"embeddable":true,"href":"https:\/\/ahoramasrd.com.do\/index.php?rest_route=\/"}],"wp:attachment":[{"href":"https:\/\/ahoramasrd.com.do\/index.php?rest_route=%2Fwp%2Fv2%2Fmedia&parent=84232"}],"wp:term":[{"taxonomy":"category","embeddable":true,"href":"https:\/\/ahoramasrd.com.do\/index.php?rest_route=%2Fwp%2Fv2%2Fcategories&post=84232"},{"taxonomy":"post_tag","embeddable":true,"href":"https:\/\/ahoramasrd.com.do\/index.php?rest_route=%2Fwp%2Fv2%2Ftags&post=84232"}],"curies":[{"name":"wp","href":"https:\/\/api.w.org\/{rel}","templated":true}]}}