{"id":84244,"date":"2025-03-20T12:49:37","date_gmt":"2025-03-20T16:49:37","guid":{"rendered":"https:\/\/ahoramasrd.com.do\/?p=84244"},"modified":"2025-03-20T12:49:38","modified_gmt":"2025-03-20T16:49:38","slug":"ministerio-de-cultura-impulsara-clases-de-arte-en-escuelas-publicas","status":"publish","type":"post","link":"https:\/\/ahoramasrd.com.do\/?p=84244","title":{"rendered":"Ministerio de Cultura impulsar\u00e1 clases de arte en escuelas p\u00fablicas"},"content":{"rendered":"\n<p>El ministro de Cultura, Roberto \u00c1ngel Salcedo, anunci\u00f3 que su gesti\u00f3n busca incorporar clases de m\u00fasica, artes visuales, teatro y danza en las escuelas p\u00fablicas, aprovechando la modalidad de tanda extendida para ampliar la oferta educativa en estas disciplinas.<\/p>\n\n\n\n<p>Salcedo explic\u00f3 que trabajan en la ampliaci\u00f3n de infraestructuras y la contrataci\u00f3n de m\u00e1s docentes debido a la alta demanda. \u201cEn ese sentido, ya sostuvimos una primera reuni\u00f3n con el Ministerio de Educaci\u00f3n y su titular, Luis Miguel De Camps\u201d, indic\u00f3.<\/p>\n\n\n\n<p>Adem\u00e1s, destac\u00f3 la colaboraci\u00f3n con las gobernaciones municipales para optimizar el desarrollo cultural, ya que estas manejan programas culturales a trav\u00e9s de los ayuntamientos.<\/p>\n\n\n\n<p>Como parte de la expansi\u00f3n cultural, en los pr\u00f3ximos meses se inaugurar\u00e1n centros culturales en Madrid, Filadelfia, Miami y Boston, fortaleciendo la proyecci\u00f3n internacional de la cultura dominicana, seg\u00fan expres\u00f3 el Ministro en el programa radial El Sol de la Ma\u00f1ana.<\/p>\n\n\n\n<p>Feria Internacional del Libro<br>Salcedo tambi\u00e9n anunci\u00f3 que el Ministerio de Cultura busca integrar la Feria Internacional del Libro de Rep\u00fablica Dominicana al circuito de ferias internacionales, lo que permitir\u00eda establecer una fecha fija para su realizaci\u00f3n.<\/p>\n\n\n\n<p>Asimismo, confirm\u00f3 la participaci\u00f3n de reconocidos escritores internacionales que llevaban a\u00f1os sin visitar el pa\u00eds. Este a\u00f1o, el evento tendr\u00e1 un enfoque especial en la lectura infantil para fomentar el h\u00e1bito lector entre los m\u00e1s peque\u00f1os.<\/p>\n","protected":false},"excerpt":{"rendered":"<p>El ministro de Cultura, Roberto \u00c1ngel Salcedo, anunci\u00f3 que su gesti\u00f3n busca incorporar clases de m\u00fasica, artes visuales, teatro y danza en las escuelas p\u00fablicas, aprovechando la modalidad de tanda extendida para ampliar la oferta educativa en estas disciplinas. Salcedo explic\u00f3 que trabajan en la ampliaci\u00f3n de infraestructuras y la contrataci\u00f3n de m\u00e1s docentes debido [&hellip;]<\/p>\n","protected":false},"author":2,"featured_media":84245,"comment_status":"open","ping_status":"open","sticky":false,"template":"","format":"standard","meta":{"footnotes":""},"categories":[44],"tags":[845,939,58],"class_list":{"0":"post-84244","1":"post","2":"type-post","3":"status-publish","4":"format-standard","5":"has-post-thumbnail","7":"category-actualidad","8":"tag-ahora-mas-rd","9":"tag-cada-minuto-una-verdad","10":"tag-republica-dominicana"},"aioseo_notices":[],"amp_enabled":true,"_links":{"self":[{"href":"https:\/\/ahoramasrd.com.do\/index.php?rest_route=\/wp\/v2\/posts\/84244","targetHints":{"allow":["GET"]}}],"collection":[{"href":"https:\/\/ahoramasrd.com.do\/index.php?rest_route=\/wp\/v2\/posts"}],"about":[{"href":"https:\/\/ahoramasrd.com.do\/index.php?rest_route=\/wp\/v2\/types\/post"}],"author":[{"embeddable":true,"href":"https:\/\/ahoramasrd.com.do\/index.php?rest_route=\/wp\/v2\/users\/2"}],"replies":[{"embeddable":true,"href":"https:\/\/ahoramasrd.com.do\/index.php?rest_route=%2Fwp%2Fv2%2Fcomments&post=84244"}],"version-history":[{"count":0,"href":"https:\/\/ahoramasrd.com.do\/index.php?rest_route=\/wp\/v2\/posts\/84244\/revisions"}],"wp:featuredmedia":[{"embeddable":true,"href":"https:\/\/ahoramasrd.com.do\/index.php?rest_route=\/"}],"wp:attachment":[{"href":"https:\/\/ahoramasrd.com.do\/index.php?rest_route=%2Fwp%2Fv2%2Fmedia&parent=84244"}],"wp:term":[{"taxonomy":"category","embeddable":true,"href":"https:\/\/ahoramasrd.com.do\/index.php?rest_route=%2Fwp%2Fv2%2Fcategories&post=84244"},{"taxonomy":"post_tag","embeddable":true,"href":"https:\/\/ahoramasrd.com.do\/index.php?rest_route=%2Fwp%2Fv2%2Ftags&post=84244"}],"curies":[{"name":"wp","href":"https:\/\/api.w.org\/{rel}","templated":true}]}}