{"id":84260,"date":"2025-03-20T16:56:01","date_gmt":"2025-03-20T20:56:01","guid":{"rendered":"https:\/\/ahoramasrd.com.do\/?p=84260"},"modified":"2025-03-20T16:56:01","modified_gmt":"2025-03-20T20:56:01","slug":"malecon-de-samana-aun-sin-entregar-y-un-reloj-que-nunca-funciono","status":"publish","type":"post","link":"https:\/\/ahoramasrd.com.do\/?p=84260","title":{"rendered":"Malec\u00f3n de Saman\u00e1 a\u00fan sin entregar y un reloj que nunca funcion\u00f3"},"content":{"rendered":"\n<p>A pesar del compromiso del ministro de Turismo, David Collado, de entregar el Malec\u00f3n de Saman\u00e1 este 20 de marzo y de instalar un reloj que marcar\u00eda el tiempo l\u00edmite de entrega, la realidad es otra. La obra a\u00fan no est\u00e1 en condiciones para ser inaugurada y el reloj nunca funcion\u00f3.<\/p>\n\n\n\n<p>El empresario Jos\u00e9 Medina, uno de los m\u00e1s afectados por la construcci\u00f3n, denuncia p\u00e9rdidas millonarias debido a la reducci\u00f3n del flujo de visitantes. La falta de acceso a su negocio, el polvo y el ruido han obligado a disminuir su personal, mientras su empresa sigue sufriendo las consecuencias del retraso.<\/p>\n\n\n\n<p>Las calles del malec\u00f3n presentan un panorama ca\u00f3tico: tramos cerrados, registros sin tapas, materiales de construcci\u00f3n abandonados y calles cubiertas de escombros. Todo esto contrasta con el ambicioso dise\u00f1o de la obra, que tiene un costo superior a los 500 millones de pesos. La situaci\u00f3n ha generado indignaci\u00f3n en la comunidad, que ha convocado un paro en protesta por el retraso, ya que, tras tres a\u00f1os de trabajo, ni el malec\u00f3n ni la entrada de Saman\u00e1 han sido finalizados. Peor a\u00fan, la entrada de la ciudad no tiene un modelo visible que muestre su dise\u00f1o final ni una fecha de entrega estimada.<\/p>\n\n\n\n<p>Crisis de salud por el polvo de la construcci\u00f3n<br>El impacto de estas obras no solo ha sido econ\u00f3mico, sino tambi\u00e9n sanitario. La simultaneidad de las construcciones ha generado nubes de polvo que han disparado los casos de enfermedades respiratorias en la poblaci\u00f3n, afectando especialmente a ni\u00f1os y adultos mayores.<\/p>\n\n\n\n<p>Saman\u00e1, un destino tur\u00edstico de renombre, parece estar retrocediendo en lugar de avanzar, con sus principales accesos deteriorados y sin una fecha clara de recuperaci\u00f3n. Mientras tanto, comerciantes, residentes y visitantes siguen esperando respuestas.<\/p>\n","protected":false},"excerpt":{"rendered":"<p>A pesar del compromiso del ministro de Turismo, David Collado, de entregar el Malec\u00f3n de Saman\u00e1 este 20 de marzo y de instalar un reloj que marcar\u00eda el tiempo l\u00edmite de entrega, la realidad es otra. La obra a\u00fan no est\u00e1 en condiciones para ser inaugurada y el reloj nunca funcion\u00f3. El empresario Jos\u00e9 Medina, [&hellip;]<\/p>\n","protected":false},"author":2,"featured_media":84261,"comment_status":"open","ping_status":"open","sticky":false,"template":"","format":"standard","meta":{"footnotes":""},"categories":[44],"tags":[845,939,58],"class_list":{"0":"post-84260","1":"post","2":"type-post","3":"status-publish","4":"format-standard","5":"has-post-thumbnail","7":"category-actualidad","8":"tag-ahora-mas-rd","9":"tag-cada-minuto-una-verdad","10":"tag-republica-dominicana"},"aioseo_notices":[],"amp_enabled":true,"_links":{"self":[{"href":"https:\/\/ahoramasrd.com.do\/index.php?rest_route=\/wp\/v2\/posts\/84260","targetHints":{"allow":["GET"]}}],"collection":[{"href":"https:\/\/ahoramasrd.com.do\/index.php?rest_route=\/wp\/v2\/posts"}],"about":[{"href":"https:\/\/ahoramasrd.com.do\/index.php?rest_route=\/wp\/v2\/types\/post"}],"author":[{"embeddable":true,"href":"https:\/\/ahoramasrd.com.do\/index.php?rest_route=\/wp\/v2\/users\/2"}],"replies":[{"embeddable":true,"href":"https:\/\/ahoramasrd.com.do\/index.php?rest_route=%2Fwp%2Fv2%2Fcomments&post=84260"}],"version-history":[{"count":0,"href":"https:\/\/ahoramasrd.com.do\/index.php?rest_route=\/wp\/v2\/posts\/84260\/revisions"}],"wp:featuredmedia":[{"embeddable":true,"href":"https:\/\/ahoramasrd.com.do\/index.php?rest_route=\/"}],"wp:attachment":[{"href":"https:\/\/ahoramasrd.com.do\/index.php?rest_route=%2Fwp%2Fv2%2Fmedia&parent=84260"}],"wp:term":[{"taxonomy":"category","embeddable":true,"href":"https:\/\/ahoramasrd.com.do\/index.php?rest_route=%2Fwp%2Fv2%2Fcategories&post=84260"},{"taxonomy":"post_tag","embeddable":true,"href":"https:\/\/ahoramasrd.com.do\/index.php?rest_route=%2Fwp%2Fv2%2Ftags&post=84260"}],"curies":[{"name":"wp","href":"https:\/\/api.w.org\/{rel}","templated":true}]}}