{"id":84276,"date":"2025-03-21T08:51:45","date_gmt":"2025-03-21T12:51:45","guid":{"rendered":"https:\/\/ahoramasrd.com.do\/?p=84276"},"modified":"2025-03-21T08:51:46","modified_gmt":"2025-03-21T12:51:46","slug":"raquel-pena-apuesta-por-una-republica-dominicana-que-no-solo-consuma-tecnologia-sino-que-tambien-la-cree-y-la-exporte","status":"publish","type":"post","link":"https:\/\/ahoramasrd.com.do\/?p=84276","title":{"rendered":"Raquel Pe\u00f1a apuesta por una Rep\u00fablica Dominicana que no solo consuma tecnolog\u00eda, sino que tambi\u00e9n la cree y la exporte"},"content":{"rendered":"\n<p>La vicepresidenta dio apertura al seminario de Ingenier\u00eda Industrial de la PUCMM y particip\u00f3 en el simposio CAPEX sobre regeneraci\u00f3n educativa, reafirmando su visi\u00f3n de una econom\u00eda basada en talento e innovaci\u00f3n.<br>Santigao, RD.- La vicepresidenta de la Rep\u00fablica, Raquel Pe\u00f1a, particip\u00f3 este jueves en dos conferencias donde comparti\u00f3 su perspectiva de la educaci\u00f3n y la importancia de la investigaci\u00f3n como motor de desarrollo.<\/p>\n\n\n\n<p>La Pontificia Universidad Cat\u00f3lica Madre y Maestra (PUCMM) realiz\u00f3 el seminario n\u00famero 30 de ingenier\u00eda industrial, \u201cFOCUS: M\u00e1s all\u00e1 de lo evidente\u201d organizado por el Comit\u00e9 de Estudiantes de Ingenier\u00eda Industrial y de Sistemas (CEIIS) de esta universidad.<\/p>\n\n\n\n<p>El evento ser\u00e1n tres d\u00edas de conocimiento que fungir\u00e1n como gu\u00eda para los participantes de las carreras mencionadas en el cual la vicemandataria dio formal apertura y reiter\u00f3 su firme convicci\u00f3n de que la investigaci\u00f3n y la innovaci\u00f3n son pilares fundamentales sobre los cuales el pa\u00eds construir\u00e1 una econom\u00eda s\u00f3lida y competitiva.<\/p>\n\n\n\n<p>\u201cHemos incrementado significativamente los recursos destinados a proyectos de investigaci\u00f3n, pasando de 1,500 millones de pesos en el periodo 2015 al 2019 a 2 mil 500 millones entre 2021 y 2025\u201d, expuso Raquel Pe\u00f1a, al tiempo que asegur\u00f3 que con estas pol\u00edticas p\u00fablicas se traza un camino donde cada joven continuar\u00e1 teniendo oportunidades de prosperar en su propia tierra.<\/p>\n\n\n\n<p>Pe\u00f1a resalt\u00f3 la puesta en marcha la Estrategia Nacional de Fomento a la Industria de Semiconductores (ENFIS), un plan integral que permitir\u00e1 desarrollar capacidades locales y afianzar al pa\u00eds como un actor protag\u00f3nico de las nuevas tecnolog\u00edas de cara al futuro.<\/p>\n\n\n\n<p>\u201cJuntos, podemos convertir a la Rep\u00fablica Dominicana en un destino de nearshoring para las empresas que buscan reubicar sus cadenas de suministro en un entorno m\u00e1s sostenible\u201d, asegur\u00f3.<\/p>\n\n\n\n<p>La vicepresidenta expres\u00f3 su deseo de que en Rep\u00fablica Dominicana no solo se consuma la tecnolog\u00eda, sino que tambi\u00e9n la pueda crear, exportarla lo que se transforma en oportunidades.<\/p>\n\n\n\n<p>\u201cPara hacer realidad esta visi\u00f3n, bajo el liderazgo del Presidente Luis Abinader, estamos sentando las bases para un nuevo modelo industrial y tecnol\u00f3gico, basado en la inversi\u00f3n en talento y el fortalecimiento de sectores estrat\u00e9gicos\u201d, agreg\u00f3 Pe\u00f1a.<\/p>\n\n\n\n<p>La vicemandataria expuso, como ha dicho el presidente Luis Abinader, que el Gobierno otorga las llaves y los incentivos para que la naci\u00f3n pueda construir un mejor pa\u00eds.<\/p>\n\n\n\n<p>\u201cComo dominicanos, tenemos talento, creatividad y resiliencia; ahora debemos tener la voluntad inquebrantable de llevar a nuestra naci\u00f3n al siguiente nivel. Apostemos por nuestro pa\u00eds, trabajemos juntos con visi\u00f3n y compromiso, y hagamos de la Rep\u00fablica Dominicana un referente de crecimiento y desarrollopara el mundo\u201d, concluy\u00f3 Pe\u00f1a su exposici\u00f3n.<\/p>\n\n\n\n<p>En el seminario los estudiantes aprender\u00e1n sobre la industria de semiconductores y su impacto en la econom\u00eda global, sobre c\u00f3mo la log\u00edstica eficiente puede transformar nuestra competitividad, y sobre las habilidades directivas que todo profesional necesita para liderar cambios en sus diferentes \u00e1reas.<\/p>\n\n\n\n<p>CAPEX<\/p>\n\n\n\n<p>Mientras que el Centro de Convenciones de Utesa fue el escenario de la Conferencia CAPEX: 10mo. Simposio de Capacitaci\u00f3n \u201cRegeneraci\u00f3n Educativa: Innovaci\u00f3n y Trascendencia\u201d, un foro donde compartieron l\u00edderes del sector p\u00fablico, empresarial y educativo donde compartieron diferentes temas sobre el futuro de la capacitaci\u00f3n en el pa\u00eds y se destac\u00f3 el papel transformador de la academia en la construcci\u00f3n de empresas m\u00e1s competitivas y sociedades m\u00e1s pr\u00f3speras, organizado por el Centro de Innovaci\u00f3n y Capacitaci\u00f3n Profesional (Capex).<\/p>\n\n\n\n<p>\u201cNunca dejen de formarse nunca dejen de tener esa inquietud de descubrir cosas nuevas, todas las oportunidades que se les presenten en t\u00e9rminos de formaci\u00f3n las aprovechen\u201d, concluy\u00f3 Pe\u00f1a el conversatorio.<\/p>\n\n\n\n<p>Junto a la vicepresidenta Raquel Pe\u00f1a estuvo el Rector de la Pontificia Universidad Cat\u00f3lica Madre y Maestra, reverendo padre Secilio Espinal y el vicepresidente ejecutivo de Comunicaciones Corporativas, Reputaci\u00f3n y Banca Responsable de Grupo Popular, Jos\u00e9 M\u00e1rmol.<\/p>\n","protected":false},"excerpt":{"rendered":"<p>La vicepresidenta dio apertura al seminario de Ingenier\u00eda Industrial de la PUCMM y particip\u00f3 en el simposio CAPEX sobre regeneraci\u00f3n educativa, reafirmando su visi\u00f3n de una econom\u00eda basada en talento e innovaci\u00f3n.Santigao, RD.- La vicepresidenta de la Rep\u00fablica, Raquel Pe\u00f1a, particip\u00f3 este jueves en dos conferencias donde comparti\u00f3 su perspectiva de la educaci\u00f3n y la [&hellip;]<\/p>\n","protected":false},"author":2,"featured_media":84277,"comment_status":"open","ping_status":"open","sticky":false,"template":"","format":"standard","meta":{"footnotes":""},"categories":[44],"tags":[845,939,58],"class_list":{"0":"post-84276","1":"post","2":"type-post","3":"status-publish","4":"format-standard","5":"has-post-thumbnail","7":"category-actualidad","8":"tag-ahora-mas-rd","9":"tag-cada-minuto-una-verdad","10":"tag-republica-dominicana"},"aioseo_notices":[],"amp_enabled":true,"_links":{"self":[{"href":"https:\/\/ahoramasrd.com.do\/index.php?rest_route=\/wp\/v2\/posts\/84276","targetHints":{"allow":["GET"]}}],"collection":[{"href":"https:\/\/ahoramasrd.com.do\/index.php?rest_route=\/wp\/v2\/posts"}],"about":[{"href":"https:\/\/ahoramasrd.com.do\/index.php?rest_route=\/wp\/v2\/types\/post"}],"author":[{"embeddable":true,"href":"https:\/\/ahoramasrd.com.do\/index.php?rest_route=\/wp\/v2\/users\/2"}],"replies":[{"embeddable":true,"href":"https:\/\/ahoramasrd.com.do\/index.php?rest_route=%2Fwp%2Fv2%2Fcomments&post=84276"}],"version-history":[{"count":0,"href":"https:\/\/ahoramasrd.com.do\/index.php?rest_route=\/wp\/v2\/posts\/84276\/revisions"}],"wp:featuredmedia":[{"embeddable":true,"href":"https:\/\/ahoramasrd.com.do\/index.php?rest_route=\/"}],"wp:attachment":[{"href":"https:\/\/ahoramasrd.com.do\/index.php?rest_route=%2Fwp%2Fv2%2Fmedia&parent=84276"}],"wp:term":[{"taxonomy":"category","embeddable":true,"href":"https:\/\/ahoramasrd.com.do\/index.php?rest_route=%2Fwp%2Fv2%2Fcategories&post=84276"},{"taxonomy":"post_tag","embeddable":true,"href":"https:\/\/ahoramasrd.com.do\/index.php?rest_route=%2Fwp%2Fv2%2Ftags&post=84276"}],"curies":[{"name":"wp","href":"https:\/\/api.w.org\/{rel}","templated":true}]}}